{"id":4293,"date":"2022-05-28T13:33:04","date_gmt":"2022-05-28T13:33:04","guid":{"rendered":"https:\/\/neutrale.al\/?p=4293"},"modified":"2022-05-28T13:33:04","modified_gmt":"2022-05-28T13:33:04","slug":"arrestohen-7-emigrante-te-paligjshem-ne-korce","status":"publish","type":"post","link":"https:\/\/neutrale.al\/index.php\/2022\/05\/28\/arrestohen-7-emigrante-te-paligjshem-ne-korce\/","title":{"rendered":"Arrestohen 7 emigrant\u00eb t\u00eb paligjsh\u00ebm n\u00eb Kor\u00e7\u00eb"},"content":{"rendered":"<p>Policia ka kapur 7 emigrant\u00eb t\u00eb paligjsh\u00ebm n\u00eb Kor\u00e7\u00eb nd\u00ebrsa n\u00eb pranga ka r\u00ebn\u00eb nj\u00eb person. M\u00ebsohet se sh\u00ebrbimet e Policis\u00eb Kufitare kan\u00eb konstatuar n\u00eb af\u00ebrsi t\u00eb fshatit Trestenik, Devoll, mjetin tip \u201cAudi A6\u201d, me t\u00eb cilin kishte dyshime se po transportoheshin emigrant\u00eb t\u00eb paligjsh\u00ebm dhe i kan\u00eb b\u00ebr\u00eb me shenj\u00eb drejtuesit t\u00eb tij, shtetasit M. M., t\u00eb ndalonte. Ky shtetas nuk i \u00ebsht\u00eb bindur urdhrit t\u00eb sh\u00ebrbimeve t\u00eb Policis\u00eb p\u00ebr t\u00eb ndaluar, por \u00ebsht\u00eb larguar me shpejt\u00ebsi dhe ka braktisur mjetin n\u00eb rrug\u00eb, brenda t\u00eb cilit u konstatuan 7 emigrant\u00eb t\u00eb paligjsh\u00ebm.<br \/>\nNga veprimet hetimore t\u00eb kryera rezultoi se bashk\u00ebpun\u00ebtor me shtetasin M. M., n\u00eb k\u00ebt\u00eb aktivitet kriminal ishte edhe shtetasi A. S., i cili u arrestua n\u00eb flagranc\u00eb. Nga ana e Policis\u00eb po punohet p\u00ebr kapjen e shtetasit M. M. dhe v\u00ebnien e tij para p\u00ebrgjegj\u00ebsis\u00eb ligjore.<\/p>\n","protected":false},"excerpt":{"rendered":"<p>Policia ka kapur 7 emigrant\u00eb t\u00eb paligjsh\u00ebm n\u00eb Kor\u00e7\u00eb nd\u00ebrsa n\u00eb pranga ka r\u00ebn\u00eb nj\u00eb person. M\u00ebsohet se sh\u00ebrbimet e Policis\u00eb Kufitare kan\u00eb konstatuar n\u00eb af\u00ebrsi t\u00eb fshatit Trestenik, Devoll, mjetin tip \u201cAudi A6\u201d, me t\u00eb cilin kishte dyshime se po transportoheshin emigrant\u00eb t\u00eb paligjsh\u00ebm dhe i kan\u00eb b\u00ebr\u00eb me shenj\u00eb drejtuesit t\u00eb tij, shtetasit [&hellip;]<\/p>\n","protected":false},"author":2,"featured_media":4294,"comment_status":"open","ping_status":"open","sticky":false,"template":"","format":"standard","meta":{"footnotes":""},"categories":[117,118],"tags":[27],"class_list":{"0":"post-4293","1":"post","2":"type-post","3":"status-publish","4":"format-standard","5":"has-post-thumbnail","7":"category-aktualitet","8":"category-kryesore","9":"tag-lajme"},"_links":{"self":[{"href":"https:\/\/neutrale.al\/index.php\/wp-json\/wp\/v2\/posts\/4293","targetHints":{"allow":["GET"]}}],"collection":[{"href":"https:\/\/neutrale.al\/index.php\/wp-json\/wp\/v2\/posts"}],"about":[{"href":"https:\/\/neutrale.al\/index.php\/wp-json\/wp\/v2\/types\/post"}],"author":[{"embeddable":true,"href":"https:\/\/neutrale.al\/index.php\/wp-json\/wp\/v2\/users\/2"}],"replies":[{"embeddable":true,"href":"https:\/\/neutrale.al\/index.php\/wp-json\/wp\/v2\/comments?post=4293"}],"version-history":[{"count":1,"href":"https:\/\/neutrale.al\/index.php\/wp-json\/wp\/v2\/posts\/4293\/revisions"}],"predecessor-version":[{"id":4295,"href":"https:\/\/neutrale.al\/index.php\/wp-json\/wp\/v2\/posts\/4293\/revisions\/4295"}],"wp:featuredmedia":[{"embeddable":true,"href":"https:\/\/neutrale.al\/index.php\/wp-json\/wp\/v2\/media\/4294"}],"wp:attachment":[{"href":"https:\/\/neutrale.al\/index.php\/wp-json\/wp\/v2\/media?parent=4293"}],"wp:term":[{"taxonomy":"category","embeddable":true,"href":"https:\/\/neutrale.al\/index.php\/wp-json\/wp\/v2\/categories?post=4293"},{"taxonomy":"post_tag","embeddable":true,"href":"https:\/\/neutrale.al\/index.php\/wp-json\/wp\/v2\/tags?post=4293"}],"curies":[{"name":"wp","href":"https:\/\/api.w.org\/{rel}","templated":true}]}}