{"id":4009,"date":"2022-05-24T08:48:03","date_gmt":"2022-05-24T08:48:03","guid":{"rendered":"https:\/\/neutrale.al\/?p=4009"},"modified":"2022-05-24T08:48:03","modified_gmt":"2022-05-24T08:48:03","slug":"presidenti-i-turqise-mitsotakis-per-mua-nuk-ekziston","status":"publish","type":"post","link":"https:\/\/neutrale.al\/index.php\/2022\/05\/24\/presidenti-i-turqise-mitsotakis-per-mua-nuk-ekziston\/","title":{"rendered":"Presidenti i Turqis\u00eb: Mitsotakis, p\u00ebr mua nuk ekziston !"},"content":{"rendered":"<p>Acarohen p\u00ebrs\u00ebri marr\u00ebdh\u00ebniet greko &#8211; turke, an\u00ebtar\u00eb t\u00eb NATO-s t\u00eb dy shtetet dhe fqinj\u00eb me shum\u00eb kontradikta midis tyre.<br \/>\nPara pak koh\u00ebsh, kryeministri i Greqis\u00eb Kyriakos Mitsotakis b\u00ebri\u00a0 nj\u00eb vizit\u00eb zyrtare n\u00eb Turqi, ku u prit nga presidenti Erdo\u011fan.<br \/>\nNuk e kuptoj dhe shpreh shqet\u00ebsimin, pse duhet t\u00eb jen\u00eb 10 baza ushtarake t\u00eb NATO-s n\u00eb territorin grek- ka th\u00ebn\u00eb Erdo\u011fan.<br \/>\nNuk do ta takoj Mitsotakis, ka vazhduar ai duke ju referuar takimit t\u00eb\u00a0 parashikuar mes t\u00eb dyve n\u00eb Samitin e NATO-s n\u00eb Madrid q\u00eb do t\u00eb mbahet n\u00eb fund t\u00eb qershorit. <\/p>\n<p>Duket se mosmarr\u00ebveshjet nuk jan\u00eb zgjidhur dhe Rexhep Taip Erdo\u011fan, dje ka l\u00ebshuar deklarat\u00ebn e m\u00ebposhtme: <\/p>\n<p>\u201cQ\u00eb tani e tutje, Mitsotakis nuk ekziston m\u00eb p\u00ebr mua. Nuk pranoj ta takoj. Sepse ne ecim p\u00ebrpara me politikan\u00eb me personalitet dhe dinjitet q\u00eb e mbajn\u00eb fjal\u00ebn. Ne kishim r\u00ebn\u00eb dakord q\u00eb t\u00eb mos p\u00ebrfshinim vendet e treta n\u00eb mosmarr\u00ebveshjet tona. Por pavar\u00ebsisht k\u00ebsaj, ai n\u00eb\u00a0 nj\u00eb vizit\u00eb n\u00eb SHBA jav\u00ebn e kaluar foli n\u00eb Kongres dhe i paralajm\u00ebroi t\u00eb mos na jepnin F-16\u201d, ka deklaruar ai n\u00eb fjal\u00ebn e tij pas mbledhjes s\u00eb kabinetit. <\/p>\n<p>Z\u00ebdh\u00ebn\u00ebsi i qeveris\u00eb greke, Jorgos Oikonomou, e ka quajtur t\u00eb pafalshme deklarat\u00ebn e presidentit turk ka theksuar se Greqia nuk futet n\u00eb nj\u00eb loj\u00eb deklaratash me lidershipin turk. <\/p>\n<p>\u201cKryeministri Kyriakos Mitsotakis mbron fuqish\u00ebm dhe n\u00eb m\u00ebnyr\u00eb efektive si ligjin ton\u00eb komb\u00ebtar ashtu edhe legjitimitetin nd\u00ebrkomb\u00ebtar. Politika e jashtme greke bazohet fort n\u00eb histori, t\u00eb drejt\u00ebn nd\u00ebrkomb\u00ebtare dhe aleancat tona, sado q\u00eb kjo i shqet\u00ebson disa. Politika jon\u00eb \u00ebsht\u00eb nj\u00eb politik\u00eb parimesh\u201d, ka th\u00ebn\u00eb ai.<\/p>\n","protected":false},"excerpt":{"rendered":"<p>Acarohen p\u00ebrs\u00ebri marr\u00ebdh\u00ebniet greko &#8211; turke, an\u00ebtar\u00eb t\u00eb NATO-s t\u00eb dy shtetet dhe fqinj\u00eb me shum\u00eb kontradikta midis tyre. Para pak koh\u00ebsh, kryeministri i Greqis\u00eb Kyriakos Mitsotakis b\u00ebri\u00a0 nj\u00eb vizit\u00eb zyrtare n\u00eb Turqi, ku u prit nga presidenti Erdo\u011fan. Nuk e kuptoj dhe shpreh shqet\u00ebsimin, pse duhet t\u00eb jen\u00eb 10 baza ushtarake t\u00eb NATO-s n\u00eb [&hellip;]<\/p>\n","protected":false},"author":2,"featured_media":4010,"comment_status":"open","ping_status":"open","sticky":false,"template":"","format":"standard","meta":{"footnotes":""},"categories":[118,6],"tags":[27],"class_list":{"0":"post-4009","1":"post","2":"type-post","3":"status-publish","4":"format-standard","5":"has-post-thumbnail","7":"category-kryesore","8":"category-rajoni","9":"tag-lajme"},"_links":{"self":[{"href":"https:\/\/neutrale.al\/index.php\/wp-json\/wp\/v2\/posts\/4009","targetHints":{"allow":["GET"]}}],"collection":[{"href":"https:\/\/neutrale.al\/index.php\/wp-json\/wp\/v2\/posts"}],"about":[{"href":"https:\/\/neutrale.al\/index.php\/wp-json\/wp\/v2\/types\/post"}],"author":[{"embeddable":true,"href":"https:\/\/neutrale.al\/index.php\/wp-json\/wp\/v2\/users\/2"}],"replies":[{"embeddable":true,"href":"https:\/\/neutrale.al\/index.php\/wp-json\/wp\/v2\/comments?post=4009"}],"version-history":[{"count":1,"href":"https:\/\/neutrale.al\/index.php\/wp-json\/wp\/v2\/posts\/4009\/revisions"}],"predecessor-version":[{"id":4011,"href":"https:\/\/neutrale.al\/index.php\/wp-json\/wp\/v2\/posts\/4009\/revisions\/4011"}],"wp:featuredmedia":[{"embeddable":true,"href":"https:\/\/neutrale.al\/index.php\/wp-json\/wp\/v2\/media\/4010"}],"wp:attachment":[{"href":"https:\/\/neutrale.al\/index.php\/wp-json\/wp\/v2\/media?parent=4009"}],"wp:term":[{"taxonomy":"category","embeddable":true,"href":"https:\/\/neutrale.al\/index.php\/wp-json\/wp\/v2\/categories?post=4009"},{"taxonomy":"post_tag","embeddable":true,"href":"https:\/\/neutrale.al\/index.php\/wp-json\/wp\/v2\/tags?post=4009"}],"curies":[{"name":"wp","href":"https:\/\/api.w.org\/{rel}","templated":true}]}}