{"id":3983,"date":"2022-05-23T20:35:55","date_gmt":"2022-05-23T20:35:55","guid":{"rendered":"https:\/\/neutrale.al\/?p=3983"},"modified":"2022-05-23T20:35:55","modified_gmt":"2022-05-23T20:35:55","slug":"fatkeqesisht-nderroi-jete-polici-qe-u-plagos-te-komisariati-3-ne-tirane","status":"publish","type":"post","link":"https:\/\/neutrale.al\/index.php\/2022\/05\/23\/fatkeqesisht-nderroi-jete-polici-qe-u-plagos-te-komisariati-3-ne-tirane\/","title":{"rendered":"Fatkeq\u00ebsisht, nd\u00ebrroi jet\u00eb polici q\u00eb u plagos te Komisariati 3\u00a0 n\u00eb Tiran\u00eb."},"content":{"rendered":"<p>\u00c7aush Saliasi nuk i mbijetoi dot plag\u00ebve t\u00eb marra dhe nd\u00ebrroi jet\u00eb n\u00eb spital. <\/p>\n<p>Autori i krimit \u00ebsht\u00eb efektivi Ludian Zaimi, nd\u00ebrkoh\u00eb q\u00eb personi q\u00eb nd\u00ebrroi jet\u00eb \u00ebsht\u00eb polici i patrull\u00ebs s\u00eb p\u00ebrgjithshme, \u00c7aush Saliasi. <\/p>\n<p>Nuk dihen ende motivet dhe arsyet e k\u00ebsaj ngjarjeje t\u00eb r\u00ebnd\u00eb. <\/p>\n<p>B\u00ebhet me dije se autori \u00ebsht\u00eb nj\u00eb efektiv i ri, i cili e ka ndjekur nga mbrapa dhe e ka q\u00eblluar me 6 plumba kolegun e tij.<\/p>\n","protected":false},"excerpt":{"rendered":"<p>\u00c7aush Saliasi nuk i mbijetoi dot plag\u00ebve t\u00eb marra dhe nd\u00ebrroi jet\u00eb n\u00eb spital. Autori i krimit \u00ebsht\u00eb efektivi Ludian Zaimi, nd\u00ebrkoh\u00eb q\u00eb personi q\u00eb nd\u00ebrroi jet\u00eb \u00ebsht\u00eb polici i patrull\u00ebs s\u00eb p\u00ebrgjithshme, \u00c7aush Saliasi. Nuk dihen ende motivet dhe arsyet e k\u00ebsaj ngjarjeje t\u00eb r\u00ebnd\u00eb. B\u00ebhet me dije se autori \u00ebsht\u00eb nj\u00eb efektiv i [&hellip;]<\/p>\n","protected":false},"author":2,"featured_media":3984,"comment_status":"open","ping_status":"open","sticky":false,"template":"","format":"standard","meta":{"footnotes":""},"categories":[117,118],"tags":[27],"class_list":{"0":"post-3983","1":"post","2":"type-post","3":"status-publish","4":"format-standard","5":"has-post-thumbnail","7":"category-aktualitet","8":"category-kryesore","9":"tag-lajme"},"_links":{"self":[{"href":"https:\/\/neutrale.al\/index.php\/wp-json\/wp\/v2\/posts\/3983","targetHints":{"allow":["GET"]}}],"collection":[{"href":"https:\/\/neutrale.al\/index.php\/wp-json\/wp\/v2\/posts"}],"about":[{"href":"https:\/\/neutrale.al\/index.php\/wp-json\/wp\/v2\/types\/post"}],"author":[{"embeddable":true,"href":"https:\/\/neutrale.al\/index.php\/wp-json\/wp\/v2\/users\/2"}],"replies":[{"embeddable":true,"href":"https:\/\/neutrale.al\/index.php\/wp-json\/wp\/v2\/comments?post=3983"}],"version-history":[{"count":1,"href":"https:\/\/neutrale.al\/index.php\/wp-json\/wp\/v2\/posts\/3983\/revisions"}],"predecessor-version":[{"id":3985,"href":"https:\/\/neutrale.al\/index.php\/wp-json\/wp\/v2\/posts\/3983\/revisions\/3985"}],"wp:featuredmedia":[{"embeddable":true,"href":"https:\/\/neutrale.al\/index.php\/wp-json\/wp\/v2\/media\/3984"}],"wp:attachment":[{"href":"https:\/\/neutrale.al\/index.php\/wp-json\/wp\/v2\/media?parent=3983"}],"wp:term":[{"taxonomy":"category","embeddable":true,"href":"https:\/\/neutrale.al\/index.php\/wp-json\/wp\/v2\/categories?post=3983"},{"taxonomy":"post_tag","embeddable":true,"href":"https:\/\/neutrale.al\/index.php\/wp-json\/wp\/v2\/tags?post=3983"}],"curies":[{"name":"wp","href":"https:\/\/api.w.org\/{rel}","templated":true}]}}