{"id":3845,"date":"2022-05-22T10:04:48","date_gmt":"2022-05-22T10:04:48","guid":{"rendered":"https:\/\/neutrale.al\/?p=3845"},"modified":"2022-05-22T10:04:48","modified_gmt":"2022-05-22T10:04:48","slug":"taulant-balla-per-presidentin-nuk-e-kuptoj-pse-opozita-u-terhoq","status":"publish","type":"post","link":"https:\/\/neutrale.al\/index.php\/2022\/05\/22\/taulant-balla-per-presidentin-nuk-e-kuptoj-pse-opozita-u-terhoq\/","title":{"rendered":"Taulant Balla: P\u00ebr Presidentin, nuk e kuptoj pse opozita u t\u00ebrhoq."},"content":{"rendered":"<p>Drejtuesi Politik i Partis\u00eb Socialiste p\u00ebr qarkun e Fierit, Taulant Balla mori pjes\u00eb n\u00eb mbledhjen me K\u00ebshillat\u00a0 Socialist t\u00eb Fierit ku n\u00eb fokus ishte procesi i zgjedhjes s\u00eb drejtuesve t\u00eb rinj. <\/p>\n<p>N\u00eb nj\u00eb prononcim p\u00ebr mediet pas mbledhjes, Balla ftoi k\u00ebdo q\u00eb ka d\u00ebshir\u00ebn dhe vizionin p\u00ebr t\u00eb drejtuar dhe energjizuar drejtimin e partis\u00eb son\u00eb n\u00eb nivel bashkie, t\u00eb marr\u00eb pjes\u00eb n\u00eb k\u00ebt\u00eb proces.<br \/>\nMidis t\u00eb tjerave, ai ka folur edhe p\u00ebr zgjedhjen e Presidentit t\u00eb Republik\u00ebs dhe komunikimit me opozit\u00ebn. <\/p>\n<p>Lidhur me procesin e zgjedhjes s\u00eb Presidentit t\u00eb Republik\u00ebs, Balla tha se, \u201ckonstatoj me keqardhje q\u00eb nga ana e opozit\u00ebs nuk ka nj\u00eb qasje p\u00ebr t\u00eb marr\u00eb p\u00ebrgjegj\u00ebsin\u00eb p\u00ebr t\u00eb propozuar zyrtarisht kandidatura. Nuk e kuptoj pse PD si grupi m\u00eb i madh n\u00eb Kuvend u t\u00ebrhoq nga nj\u00eb proces p\u00ebr t\u00eb sjell\u00eb kandidatura. Do t\u00eb ishte jo produktive q\u00eb t\u00eb digjnim edhe raundin e dyt\u00eb p\u00ebr zgjedhjen e presidentit. Ne e respektojm\u00eb marr\u00ebveshjen q\u00eb kemi r\u00ebn\u00eb dakord me grupin parlamentar t\u00eb PD dhe grupet e tjera q\u00eb dy raundet jan\u00eb raunde q\u00eb i takojn\u00eb propozimit p\u00ebr kandidat p\u00ebr president nga opozita.<br \/>\nN\u00ebse opozita dhe n\u00eb raundin e tret\u00eb opozita nuk vendos q\u00eb t\u00eb marr\u00eb pjes\u00eb n\u00eb proces, natyrsh\u00ebm q\u00eb n\u00eb raundin e 4 do t\u00eb zgjidhet presidenti apo presidentja e re e Republik\u00ebs\u201d<\/p>\n","protected":false},"excerpt":{"rendered":"<p>Drejtuesi Politik i Partis\u00eb Socialiste p\u00ebr qarkun e Fierit, Taulant Balla mori pjes\u00eb n\u00eb mbledhjen me K\u00ebshillat\u00a0 Socialist t\u00eb Fierit ku n\u00eb fokus ishte procesi i zgjedhjes s\u00eb drejtuesve t\u00eb rinj. N\u00eb nj\u00eb prononcim p\u00ebr mediet pas mbledhjes, Balla ftoi k\u00ebdo q\u00eb ka d\u00ebshir\u00ebn dhe vizionin p\u00ebr t\u00eb drejtuar dhe energjizuar drejtimin e partis\u00eb son\u00eb [&hellip;]<\/p>\n","protected":false},"author":2,"featured_media":3846,"comment_status":"open","ping_status":"open","sticky":false,"template":"","format":"standard","meta":{"footnotes":""},"categories":[118,9],"tags":[27],"class_list":{"0":"post-3845","1":"post","2":"type-post","3":"status-publish","4":"format-standard","5":"has-post-thumbnail","7":"category-kryesore","8":"category-politika","9":"tag-lajme"},"_links":{"self":[{"href":"https:\/\/neutrale.al\/index.php\/wp-json\/wp\/v2\/posts\/3845","targetHints":{"allow":["GET"]}}],"collection":[{"href":"https:\/\/neutrale.al\/index.php\/wp-json\/wp\/v2\/posts"}],"about":[{"href":"https:\/\/neutrale.al\/index.php\/wp-json\/wp\/v2\/types\/post"}],"author":[{"embeddable":true,"href":"https:\/\/neutrale.al\/index.php\/wp-json\/wp\/v2\/users\/2"}],"replies":[{"embeddable":true,"href":"https:\/\/neutrale.al\/index.php\/wp-json\/wp\/v2\/comments?post=3845"}],"version-history":[{"count":1,"href":"https:\/\/neutrale.al\/index.php\/wp-json\/wp\/v2\/posts\/3845\/revisions"}],"predecessor-version":[{"id":3847,"href":"https:\/\/neutrale.al\/index.php\/wp-json\/wp\/v2\/posts\/3845\/revisions\/3847"}],"wp:featuredmedia":[{"embeddable":true,"href":"https:\/\/neutrale.al\/index.php\/wp-json\/wp\/v2\/media\/3846"}],"wp:attachment":[{"href":"https:\/\/neutrale.al\/index.php\/wp-json\/wp\/v2\/media?parent=3845"}],"wp:term":[{"taxonomy":"category","embeddable":true,"href":"https:\/\/neutrale.al\/index.php\/wp-json\/wp\/v2\/categories?post=3845"},{"taxonomy":"post_tag","embeddable":true,"href":"https:\/\/neutrale.al\/index.php\/wp-json\/wp\/v2\/tags?post=3845"}],"curies":[{"name":"wp","href":"https:\/\/api.w.org\/{rel}","templated":true}]}}