{"id":37667,"date":"2023-01-24T16:49:56","date_gmt":"2023-01-24T16:49:56","guid":{"rendered":"https:\/\/neutrale.al\/?p=37667"},"modified":"2023-01-24T16:49:56","modified_gmt":"2023-01-24T16:49:56","slug":"vjosa-publikohet-studimi-i-fizibilitetit-si-do-te-zhvillohet-parku-ne-dy-faza","status":"publish","type":"post","link":"https:\/\/neutrale.al\/index.php\/2023\/01\/24\/vjosa-publikohet-studimi-i-fizibilitetit-si-do-te-zhvillohet-parku-ne-dy-faza\/","title":{"rendered":"Vjosa, publikohet studimi i fizibilitetit, si do t\u00eb zhvillohet parku n\u00eb dy faza\u00a0"},"content":{"rendered":"<p>Parku Komb\u00ebtar n\u00eb Lugin\u00ebn e Vjos\u00ebs do t\u00eb jet\u00eb p\u00ebrve\u00e7se qendra m\u00eb e r\u00ebnd\u00ebsishme e biodiversitetit, edhe nj\u00eb nga rajonet me nj\u00eb qasje t\u00eb re n\u00eb turizmin e q\u00ebndruesh\u00ebm, kryesisht agroturiz\u00ebm dhe ekoturiz\u00ebm.<\/p>\n<p>T\u00eb pakt\u00ebn ky \u00ebsht\u00eb vizioni q\u00eb shpaloset n\u00eb dokumentet e publikuara s\u00eb fundmi n\u00eb funksion t\u00eb fillimit t\u00eb konsultimeve me tre bashki, grupet e komunitetit dhe pal\u00ebt e interesit.<\/p>\n<p>Studimi i fizibilitetit i hartuar n\u00eb funksion t\u00eb shpalljes s\u00eb Vjos\u00ebs Park Komb\u00ebtar n\u00ebnvizon se zhvillimi do t\u00eb shtrihet n\u00eb dy faza, ku e para nis k\u00ebt\u00eb vit.<\/p>\n<p>Qeveria shqiptare \u00ebsht\u00eb angazhuar p\u00ebr krijimin Parkut Komb\u00ebtar t\u00eb Lugin\u00ebs s\u00eb Vjos\u00ebs q\u00eb do t\u00eb p\u00ebrfshij\u00eb dhe mbroj\u00eb t\u00eb gjith\u00eb rrjedh\u00ebn e lumit Vjosa nga kufiri grek deri n\u00eb detin Adriatik, duke p\u00ebrfshir\u00eb deg\u00ebt e tij me rrjedhje t\u00eb lir\u00eb.<\/p>\n<p>\u201cParku do t\u00eb krijohet n\u00eb dy faza. Ky dokument p\u00ebrmban rezultatet e faz\u00ebs I, q\u00eb p\u00ebrfshin t\u00eb gjith\u00eb gjat\u00ebsin\u00eb e lumit Vjosa n\u00eb Shqip\u00ebri dhe tre kryesore deg\u00ebt: Drino, duke p\u00ebrfshir\u00eb Kardhiqin, B\u00ebn\u00e7\u00ebn dhe Shushic\u00ebn.<\/p>\n<p>N\u00eb vitet n\u00eb vijim, t\u00eb gjith\u00eb lumenjt\u00eb dhe p\u00ebrrenjt\u00eb me rrjedhje t\u00eb lir\u00eb, si dhe nj\u00eb zon\u00eb m\u00eb e madhe q\u00eb rrethon lumenjt\u00eb, do t\u00eb p\u00ebrfshihen p\u00ebr t\u00eb monitoruar ekosistemet e r\u00ebnd\u00ebsishme q\u00eb derdhen n\u00eb lum\u00eb dhe ndikojn\u00eb sh\u00ebndetin dhe biodiversitetin ose jan\u00eb t\u00eb ndikuara nga lumi, t\u00eb tilla si gryk\u00ebderdhja\u201d, thuhet n\u00eb dokument.<\/p>\n<p>I nj\u00ebjti sjell n\u00eb v\u00ebmendje k\u00ebrc\u00ebnimet kryesore p\u00ebr zon\u00ebn t\u00eb renditura si : urbanizimi, minierat dhe guroret, hidrocentralet, industria dhe bujq\u00ebsia.<\/p>\n<p>Objektivat kryesor\u00eb t\u00eb k\u00ebsaj nisme p\u00ebr shpalljen e Vjos\u00ebs park komb\u00ebtar jan\u00eb p\u00ebrmbledhur n\u00eb tre pika.<\/p>\n<p>S\u00eb pari\u00a0ruajtja e integritetit ekologjik t\u00eb standardeve zon\u00ebs s\u00eb mbrojtur t\u00eb Vjos\u00ebs t\u00eb t\u00eb Kategoris\u00eb II t\u00eb IUCN.<\/p>\n<p>S\u00eb dyti\u00a0ofrimi i aktiviteteve rekreative dhe p\u00ebrvojave kulturore p\u00ebr t\u00eb lidhur njer\u00ebzit me natyr\u00ebn dhe me kultur\u00ebn shqiptare<\/p>\n<p>S\u00eb treti\u00a0promovimi i bashk\u00ebpunimit dhe p\u00ebrgjegj\u00ebsis\u00eb s\u00eb p\u00ebrbashk\u00ebt p\u00ebr nj\u00eb zhvillim t\u00eb q\u00ebndruesh\u00ebm lokal dhe mbrojtjen e k\u00ebtij parku.<\/p>\n<p>Dokumenti ndalet n\u00eb faz\u00ebn e par\u00eb t\u00eb zhvillimit duke n\u00ebnvizuar se parku do t\u00eb k\u00ebrkoj\u00eb investime q\u00eb nga stafi q\u00eb do t\u00eb vendoset n\u00eb k\u00ebt\u00eb rajon e deri tek leht\u00ebsimi i infrastruktur\u00ebs.<\/p>\n<p>P\u00ebr secilin aspekt jan\u00eb tre skenar\u00eb q\u00eb analizohen dhe q\u00eb ndjekin nj\u00eb ecuri t\u00eb projektit deri n\u00eb vitin 2028. Ndikimet e vler\u00ebsuara nga pal\u00ebt e interesit n\u00eb t\u00eb gjitha rastet cil\u00ebsohen si pozitiv\u00eb.<\/p>\n<p>Kostoja minimale vjetore p\u00ebr k\u00ebt\u00eb projekt cil\u00ebsohet si 77 mij\u00eb euro por n\u00ebse do t\u00eb ket\u00eb investime infrastrukture ato n\u00eb vite t\u00eb caktuara mund t\u00eb k\u00ebrkojn\u00eb 3 milion\u00eb euro(e specifikuar p\u00ebr zhvillimin potencial n\u00eb vitin 2026).<\/p>\n<p>Lumi Vjosa-Ao\u00f6s rrjedh p\u00ebr 272 km nga burimet e tij n\u00eb Parkun Komb\u00ebtar t\u00eb Pindit n\u00eb Greqi deri n\u00eb gryk\u00ebn e saj n\u00eb Shqip\u00ebrin\u00eb e Jugut, ku derdhet n\u00eb detin Adriatik.<br \/>\nI gjith\u00eb pellgu uj\u00ebmbledh\u00ebs mbulon 6,704 km2, nga t\u00eb cilat 4,365 km2 jan\u00eb n\u00eb Shqip\u00ebri.<\/p>\n<blockquote class=\"wp-embedded-content\" data-secret=\"192TZPRmaU\"><p><a href=\"https:\/\/www.monitor.al\/vjosa-publikohet-studimi-i-fizibilitetit-si-do-te-zhvillohet-parku-ne-dy-faza\/\">Vjosa, publikohet studimi i fizibilitetit, si do t\u00eb zhvillohet parku n\u00eb dy faza\u00a0<\/a><\/p><\/blockquote>\n<p><iframe loading=\"lazy\" class=\"wp-embedded-content\" sandbox=\"allow-scripts\" security=\"restricted\" style=\"position: absolute; clip: rect(1px, 1px, 1px, 1px);\" title=\"&#8220;Vjosa, publikohet studimi i fizibilitetit, si do t\u00eb zhvillohet parku n\u00eb dy faza\u00a0&#8221; &#8212; Revista Monitor\" src=\"https:\/\/www.monitor.al\/vjosa-publikohet-studimi-i-fizibilitetit-si-do-te-zhvillohet-parku-ne-dy-faza\/embed\/#?secret=soiOdJgqS5#?secret=192TZPRmaU\" data-secret=\"192TZPRmaU\" width=\"600\" height=\"338\" frameborder=\"0\" marginwidth=\"0\" marginheight=\"0\" scrolling=\"no\"><\/iframe><br \/>\n\u00a0<\/p>\n","protected":false},"excerpt":{"rendered":"<p>Parku Komb\u00ebtar n\u00eb Lugin\u00ebn e Vjos\u00ebs do t\u00eb jet\u00eb p\u00ebrve\u00e7se qendra m\u00eb e r\u00ebnd\u00ebsishme e biodiversitetit, edhe nj\u00eb nga rajonet me nj\u00eb qasje t\u00eb re n\u00eb turizmin e q\u00ebndruesh\u00ebm, kryesisht agroturiz\u00ebm dhe ekoturiz\u00ebm. T\u00eb pakt\u00ebn ky \u00ebsht\u00eb vizioni q\u00eb shpaloset n\u00eb dokumentet e publikuara s\u00eb fundmi n\u00eb funksion t\u00eb fillimit t\u00eb konsultimeve me tre bashki, [&hellip;]<\/p>\n","protected":false},"author":2,"featured_media":37668,"comment_status":"open","ping_status":"open","sticky":false,"template":"","format":"standard","meta":{"footnotes":""},"categories":[118],"tags":[],"class_list":{"0":"post-37667","1":"post","2":"type-post","3":"status-publish","4":"format-standard","5":"has-post-thumbnail","7":"category-kryesore"},"_links":{"self":[{"href":"https:\/\/neutrale.al\/index.php\/wp-json\/wp\/v2\/posts\/37667","targetHints":{"allow":["GET"]}}],"collection":[{"href":"https:\/\/neutrale.al\/index.php\/wp-json\/wp\/v2\/posts"}],"about":[{"href":"https:\/\/neutrale.al\/index.php\/wp-json\/wp\/v2\/types\/post"}],"author":[{"embeddable":true,"href":"https:\/\/neutrale.al\/index.php\/wp-json\/wp\/v2\/users\/2"}],"replies":[{"embeddable":true,"href":"https:\/\/neutrale.al\/index.php\/wp-json\/wp\/v2\/comments?post=37667"}],"version-history":[{"count":1,"href":"https:\/\/neutrale.al\/index.php\/wp-json\/wp\/v2\/posts\/37667\/revisions"}],"predecessor-version":[{"id":37669,"href":"https:\/\/neutrale.al\/index.php\/wp-json\/wp\/v2\/posts\/37667\/revisions\/37669"}],"wp:featuredmedia":[{"embeddable":true,"href":"https:\/\/neutrale.al\/index.php\/wp-json\/wp\/v2\/media\/37668"}],"wp:attachment":[{"href":"https:\/\/neutrale.al\/index.php\/wp-json\/wp\/v2\/media?parent=37667"}],"wp:term":[{"taxonomy":"category","embeddable":true,"href":"https:\/\/neutrale.al\/index.php\/wp-json\/wp\/v2\/categories?post=37667"},{"taxonomy":"post_tag","embeddable":true,"href":"https:\/\/neutrale.al\/index.php\/wp-json\/wp\/v2\/tags?post=37667"}],"curies":[{"name":"wp","href":"https:\/\/api.w.org\/{rel}","templated":true}]}}