{"id":3565,"date":"2022-05-19T18:55:23","date_gmt":"2022-05-19T18:55:23","guid":{"rendered":"https:\/\/neutrale.al\/?p=3565"},"modified":"2022-05-19T18:55:23","modified_gmt":"2022-05-19T18:55:23","slug":"nje-president-popullor-jo-populist-nga-avokat-arben-muca","status":"publish","type":"post","link":"https:\/\/neutrale.al\/index.php\/2022\/05\/19\/nje-president-popullor-jo-populist-nga-avokat-arben-muca\/","title":{"rendered":"Nj\u00eb president popullor, jo populist !Nga Avokat Arben Mu\u00e7a"},"content":{"rendered":"<p>&nbsp;<\/p>\n<p>Sot e k\u00ebto dit\u00eb, shqiptar\u00ebt jan\u00eb p\u00ebrfshir\u00eb t\u00eb gjith\u00eb n\u00eb emrin q\u00eb duhet t\u00eb jet\u00eb President i Republik\u00ebs.<br \/>\nUn\u00eb s&#8217;kam asnj\u00eb tag\u00ebr p\u00ebr t\u00eb b\u00ebr\u00eb propozime t\u00eb tilla, por opinionin tim e p\u00ebrcjell n\u00eb rrjete sociale, biseda me miq e shok.<br \/>\nK\u00ebto rreshta po i hedh nisur nga fakti q\u00eb, midis emrave t\u00eb tjer\u00eb t\u00eb propozuar nga opozita, ishte edhe Dashamir Shehi, deputet dhe kryetar i LZHK-s\u00eb.<br \/>\nPo ndal te emri i z.Shehi sepse p\u00ebr mendimin tim \u00ebsht\u00eb nj\u00eb figur\u00eb publike prej themelimit t\u00eb pluripartizmit n\u00eb Shqip\u00ebri. Deputet n\u00eb disa legjislatura, ish minist\u00ebr dhe zv.kryeminist\u00ebr, djathtas, gjithmon\u00eb djathtas, por me ekuilibra t\u00eb spikatur dhe i palakuar kurr\u00eb p\u00ebr afera apo b\u00ebma t\u00eb kryera apo hamend\u00ebsuara.<br \/>\nN\u00eb morin\u00eb e balt\u00ebs mediatike q\u00eb politika hedh mbi aktor\u00ebt e saj, Shehin s&#8217;e ka prek asnj\u00eb grimc\u00eb balte a qymyri. E vetmja batut\u00eb q\u00eb nuk m\u00ebrziti kurr\u00eb as Dashin, as miqt\u00eb e tij, \u00ebsht\u00eb ajo e kryeministrit telendis\u00ebs p\u00ebr at\u00eb &#8220;got\u00ebn e rakis\u00eb&#8221;.<br \/>\nB\u00ebhet nul edhe kjo &#8220;akuz\u00eb&#8221;, po t\u00eb dish dhe mendosh q\u00eb Rama s&#8217;ka qen\u00eb ndonj\u00ebher\u00eb pjes\u00eb e kafes s\u00eb Dash Shehit.<br \/>\nP\u00ebr t\u00eb ndalur te thelbi i asaj q\u00eb dua t\u00eb ndaj me t\u00eb tjer\u00ebt&#8230;<br \/>\nN\u00eb gjith\u00eb diskutimet n\u00eb parlament, n\u00eb analizat dhe opinionet n\u00eb studio televizive, Shehi ka d\u00ebshmuar se ligj\u00ebrat\u00ebn e tij e mb\u00ebshtet mbi fakte dhe mbi problematika reale t\u00eb \u00e7do shtrese t\u00eb shoq\u00ebris\u00eb.<br \/>\nNj\u00eb njeri q\u00eb e do Tiran\u00ebn dhe tironsit e duan. Nj\u00eb njeri q\u00eb e do Shqip\u00ebrin\u00eb dhe shqiptar\u00ebt e duan.<br \/>\nNj\u00eb politikan q\u00eb v\u00eb ura komunikimi me \u00e7do kah t\u00eb politik\u00ebs dhe v\u00eb udh\u00ebrr\u00ebfyes arsyen, jo kapri\u00e7ion.<br \/>\nMbetem tek ky paragraf sepse politik\u00ebs shqiptare i mungon pik\u00ebrisht ky tharm; atdhedashuria, mir\u00ebkuptimi, lidhja me popullin, ndjeshm\u00ebria ndaj jet\u00ebs s\u00eb tyre.<br \/>\nDashamir Shehi \u00ebsht\u00eb popullor, s&#8217;mund t\u00eb jet\u00eb populist!<\/p>\n","protected":false},"excerpt":{"rendered":"<p>&nbsp; Sot e k\u00ebto dit\u00eb, shqiptar\u00ebt jan\u00eb p\u00ebrfshir\u00eb t\u00eb gjith\u00eb n\u00eb emrin q\u00eb duhet t\u00eb jet\u00eb President i Republik\u00ebs. Un\u00eb s&#8217;kam asnj\u00eb tag\u00ebr p\u00ebr t\u00eb b\u00ebr\u00eb propozime t\u00eb tilla, por opinionin tim e p\u00ebrcjell n\u00eb rrjete sociale, biseda me miq e shok. K\u00ebto rreshta po i hedh nisur nga fakti q\u00eb, midis emrave t\u00eb tjer\u00eb [&hellip;]<\/p>\n","protected":false},"author":2,"featured_media":3567,"comment_status":"open","ping_status":"open","sticky":false,"template":"","format":"standard","meta":{"footnotes":""},"categories":[118,2],"tags":[27],"class_list":{"0":"post-3565","1":"post","2":"type-post","3":"status-publish","4":"format-standard","5":"has-post-thumbnail","7":"category-kryesore","8":"category-opinione","9":"tag-lajme"},"_links":{"self":[{"href":"https:\/\/neutrale.al\/index.php\/wp-json\/wp\/v2\/posts\/3565","targetHints":{"allow":["GET"]}}],"collection":[{"href":"https:\/\/neutrale.al\/index.php\/wp-json\/wp\/v2\/posts"}],"about":[{"href":"https:\/\/neutrale.al\/index.php\/wp-json\/wp\/v2\/types\/post"}],"author":[{"embeddable":true,"href":"https:\/\/neutrale.al\/index.php\/wp-json\/wp\/v2\/users\/2"}],"replies":[{"embeddable":true,"href":"https:\/\/neutrale.al\/index.php\/wp-json\/wp\/v2\/comments?post=3565"}],"version-history":[{"count":1,"href":"https:\/\/neutrale.al\/index.php\/wp-json\/wp\/v2\/posts\/3565\/revisions"}],"predecessor-version":[{"id":3570,"href":"https:\/\/neutrale.al\/index.php\/wp-json\/wp\/v2\/posts\/3565\/revisions\/3570"}],"wp:featuredmedia":[{"embeddable":true,"href":"https:\/\/neutrale.al\/index.php\/wp-json\/wp\/v2\/media\/3567"}],"wp:attachment":[{"href":"https:\/\/neutrale.al\/index.php\/wp-json\/wp\/v2\/media?parent=3565"}],"wp:term":[{"taxonomy":"category","embeddable":true,"href":"https:\/\/neutrale.al\/index.php\/wp-json\/wp\/v2\/categories?post=3565"},{"taxonomy":"post_tag","embeddable":true,"href":"https:\/\/neutrale.al\/index.php\/wp-json\/wp\/v2\/tags?post=3565"}],"curies":[{"name":"wp","href":"https:\/\/api.w.org\/{rel}","templated":true}]}}