{"id":3560,"date":"2022-05-19T18:42:26","date_gmt":"2022-05-19T18:42:26","guid":{"rendered":"https:\/\/neutrale.al\/?p=3560"},"modified":"2022-05-19T18:55:31","modified_gmt":"2022-05-19T18:55:31","slug":"nga-xhelal-mziu-deputet","status":"publish","type":"post","link":"https:\/\/neutrale.al\/index.php\/2022\/05\/19\/nga-xhelal-mziu-deputet\/","title":{"rendered":"Nga Xhelal Mziu (deputet)"},"content":{"rendered":"<p>\u26d4\ufe0f T\u00eb pun\u00ebsimit n\u00eb shtet u rriten 4 her\u00eb m\u00eb shum\u00eb se n\u00eb privat n\u00eb 2018-2021 !<\/p>\n<p>\ud83d\udccc T\u00eb pun\u00ebsuarit n\u00eb shtet z\u00ebn\u00eb 27% t\u00eb t\u00eb pun\u00ebsuarve total, shif\u00ebr rekord historik nga 2005 dhe rekord n\u00eb rajon e Europ\u00eb!<\/p>\n<p>\ud83d\udccdKrahas p\u00ebrdorimit t\u00eb parave t\u00eb krimit dhe korrupsionit, kjo qeveri po p\u00ebrdor\u00eb parat\u00eb e taksapaguesve p\u00ebr t\u00eb pun\u00ebsuar n\u00eb shtet t\u00eb #pun\u00ebsuar_socialist_patronazhist p\u00ebr zgjedhjet e 25 prillit!<\/p>\n<p>Numri i t\u00eb pun\u00ebsuarve n\u00eb shtet \u00ebsht\u00eb rritur me shpejt\u00ebsi vitet e fundit, kuptohet p\u00ebr arsye politike, jo p\u00ebr nevoj, duke e \u00e7uar totalin n\u00eb 185,392 persona nga 172 mij\u00eb q\u00eb ishte n\u00eb 2018, ose rekord q\u00eb nga 2005!<\/p>\n<p>T\u00eb pun\u00ebsuarit n\u00eb shtet u rriten mbi 10% ose mbi 15 mij\u00eb (patronazhist), kjo rritje u b\u00eb n\u00eb prag\u00eb t\u00eb zgjedhjeve t\u00eb 25 prillit, t\u00eb pun\u00ebsuarit n\u00eb privat u rriten me 2%, absurditt nd\u00ebrkomb\u00ebtar!<\/p>\n<p>Digjitalizimin i sh\u00ebrbimeve publike dhe progresi teknologjik duhej t\u00eb ulej administrata publike me 10-15% dhe jo e kund\u00ebrta!<\/p>\n<p>Fryrje t\u00eb personelit n\u00eb shtet ndodhi tek sektori i energjis\u00eb, uj\u00ebsjell\u00ebsve dhe bashkive (100% rilindas\u00eb)!<\/p>\n<p>Pra, eficens\u00eb n\u00eb ulje, administrate publike n\u00eb rritje, duke r\u00ebnduar taksapaguesit.<\/p>\n<p>\ud83d\udccc N\u00eb 2021 t\u00eb pun\u00ebsuarit n\u00eb shtet zun\u00eb 27% t\u00eb pun\u00ebsuarve, shif\u00ebr rekord m\u00eb e larta n\u00eb Europ\u00eb, p\u00ebrjashtuar Suedin dhe Danimark\u00ebn!<\/p>\n<p>Ulja e madh\u00ebsis\u00eb s\u00eb shtetit n\u00eb ekonomi ishte n\u00eb themel t\u00eb programit t\u00eb qeverive n\u00eb 2005 ku reduktoj sektorin shtet\u00ebror e kund\u00ebrta ndodhi pas vitit 2014!<\/p>\n<p><img loading=\"lazy\" loading=\"lazy\" decoding=\"async\" src=\"https:\/\/neutrale.al\/wp-content\/uploads\/2022\/05\/02CE34A0-33FC-4437-8974-7966F8AB860C-300x209.jpeg\" alt=\"\" width=\"300\" height=\"209\" class=\"alignnone size-medium wp-image-3568\" srcset=\"https:\/\/neutrale.al\/wp-content\/uploads\/2022\/05\/02CE34A0-33FC-4437-8974-7966F8AB860C-300x209.jpeg 300w, https:\/\/neutrale.al\/wp-content\/uploads\/2022\/05\/02CE34A0-33FC-4437-8974-7966F8AB860C.jpeg 473w\" sizes=\"auto, (max-width: 300px) 100vw, 300px\" \/><\/p>\n<p><img loading=\"lazy\" loading=\"lazy\" decoding=\"async\" src=\"https:\/\/neutrale.al\/wp-content\/uploads\/2022\/05\/C650E867-6574-4A5C-B54B-42E0AC798DAD-300x166.jpeg\" alt=\"\" width=\"300\" height=\"166\" class=\"alignnone size-medium wp-image-3569\" srcset=\"https:\/\/neutrale.al\/wp-content\/uploads\/2022\/05\/C650E867-6574-4A5C-B54B-42E0AC798DAD-300x166.jpeg 300w, https:\/\/neutrale.al\/wp-content\/uploads\/2022\/05\/C650E867-6574-4A5C-B54B-42E0AC798DAD.jpeg 473w\" sizes=\"auto, (max-width: 300px) 100vw, 300px\" \/><\/p>\n","protected":false},"excerpt":{"rendered":"<p>\u26d4\ufe0f T\u00eb pun\u00ebsimit n\u00eb shtet u rriten 4 her\u00eb m\u00eb shum\u00eb se n\u00eb privat n\u00eb 2018-2021 ! \ud83d\udccc T\u00eb pun\u00ebsuarit n\u00eb shtet z\u00ebn\u00eb 27% t\u00eb t\u00eb pun\u00ebsuarve total, shif\u00ebr rekord historik nga 2005 dhe rekord n\u00eb rajon e Europ\u00eb! \ud83d\udccdKrahas p\u00ebrdorimit t\u00eb parave t\u00eb krimit dhe korrupsionit, kjo qeveri po p\u00ebrdor\u00eb parat\u00eb e taksapaguesve p\u00ebr [&hellip;]<\/p>\n","protected":false},"author":2,"featured_media":3566,"comment_status":"open","ping_status":"open","sticky":false,"template":"","format":"standard","meta":{"footnotes":""},"categories":[10,9],"tags":[27],"class_list":{"0":"post-3560","1":"post","2":"type-post","3":"status-publish","4":"format-standard","5":"has-post-thumbnail","7":"category-ekonomia","8":"category-politika","9":"tag-lajme"},"_links":{"self":[{"href":"https:\/\/neutrale.al\/index.php\/wp-json\/wp\/v2\/posts\/3560","targetHints":{"allow":["GET"]}}],"collection":[{"href":"https:\/\/neutrale.al\/index.php\/wp-json\/wp\/v2\/posts"}],"about":[{"href":"https:\/\/neutrale.al\/index.php\/wp-json\/wp\/v2\/types\/post"}],"author":[{"embeddable":true,"href":"https:\/\/neutrale.al\/index.php\/wp-json\/wp\/v2\/users\/2"}],"replies":[{"embeddable":true,"href":"https:\/\/neutrale.al\/index.php\/wp-json\/wp\/v2\/comments?post=3560"}],"version-history":[{"count":2,"href":"https:\/\/neutrale.al\/index.php\/wp-json\/wp\/v2\/posts\/3560\/revisions"}],"predecessor-version":[{"id":3571,"href":"https:\/\/neutrale.al\/index.php\/wp-json\/wp\/v2\/posts\/3560\/revisions\/3571"}],"wp:featuredmedia":[{"embeddable":true,"href":"https:\/\/neutrale.al\/index.php\/wp-json\/wp\/v2\/media\/3566"}],"wp:attachment":[{"href":"https:\/\/neutrale.al\/index.php\/wp-json\/wp\/v2\/media?parent=3560"}],"wp:term":[{"taxonomy":"category","embeddable":true,"href":"https:\/\/neutrale.al\/index.php\/wp-json\/wp\/v2\/categories?post=3560"},{"taxonomy":"post_tag","embeddable":true,"href":"https:\/\/neutrale.al\/index.php\/wp-json\/wp\/v2\/tags?post=3560"}],"curies":[{"name":"wp","href":"https:\/\/api.w.org\/{rel}","templated":true}]}}