{"id":3520,"date":"2022-05-19T12:26:39","date_gmt":"2022-05-19T12:26:39","guid":{"rendered":"https:\/\/neutrale.al\/?p=3520"},"modified":"2022-05-19T12:26:39","modified_gmt":"2022-05-19T12:26:39","slug":"kryeministri-rama-shperndan-foto-nga-budenstagu-gjerman-takon-kreun-e-grupit-parlamentar-te-spd-se","status":"publish","type":"post","link":"https:\/\/neutrale.al\/index.php\/2022\/05\/19\/kryeministri-rama-shperndan-foto-nga-budenstagu-gjerman-takon-kreun-e-grupit-parlamentar-te-spd-se\/","title":{"rendered":"Kryeministri Rama shp\u00ebrndan foto nga Budenstagu gjerman, takon kreun e Grupit Parlamentar t\u00eb SPD-s\u00eb"},"content":{"rendered":"<p>Nga pamjet e publikuara Rama shihet n\u00ebn shoq\u00ebrin\u00eb e kryetarit t\u00eb grupit parlamentar t\u00eb Partis\u00eb Socialdemokrate gjermane, Rolf M\u00fctzenich.<\/p>\n<p>\u201cMe Rolf M\u00fctzenich, kryetar i grupit parlamentar dhe drejtues t\u00eb tjer\u00eb t\u00eb SPD\u201d, shkruan Rama n\u00eb mbishkrimin e fotove.<\/p>\n<p><img loading=\"lazy\" loading=\"lazy\" decoding=\"async\" class=\"alignnone size-medium wp-image-3521\" src=\"https:\/\/neutrale.al\/wp-content\/uploads\/2022\/05\/8A610FAB-5FE4-469D-8122-1D76D2463191-300x200.jpeg\" alt=\"\" width=\"300\" height=\"200\" srcset=\"https:\/\/neutrale.al\/wp-content\/uploads\/2022\/05\/8A610FAB-5FE4-469D-8122-1D76D2463191-300x200.jpeg 300w, https:\/\/neutrale.al\/wp-content\/uploads\/2022\/05\/8A610FAB-5FE4-469D-8122-1D76D2463191-1024x682.jpeg 1024w, https:\/\/neutrale.al\/wp-content\/uploads\/2022\/05\/8A610FAB-5FE4-469D-8122-1D76D2463191-768x512.jpeg 768w, https:\/\/neutrale.al\/wp-content\/uploads\/2022\/05\/8A610FAB-5FE4-469D-8122-1D76D2463191-330x220.jpeg 330w, https:\/\/neutrale.al\/wp-content\/uploads\/2022\/05\/8A610FAB-5FE4-469D-8122-1D76D2463191-420x280.jpeg 420w, https:\/\/neutrale.al\/wp-content\/uploads\/2022\/05\/8A610FAB-5FE4-469D-8122-1D76D2463191-615x410.jpeg 615w, https:\/\/neutrale.al\/wp-content\/uploads\/2022\/05\/8A610FAB-5FE4-469D-8122-1D76D2463191-860x573.jpeg 860w, https:\/\/neutrale.al\/wp-content\/uploads\/2022\/05\/8A610FAB-5FE4-469D-8122-1D76D2463191.jpeg 1280w\" sizes=\"auto, (max-width: 300px) 100vw, 300px\" \/><\/p>\n<p><img loading=\"lazy\" loading=\"lazy\" decoding=\"async\" class=\"alignnone size-medium wp-image-3522\" src=\"https:\/\/neutrale.al\/wp-content\/uploads\/2022\/05\/D0F9E0CD-86D9-4157-8081-A7BCC21AA649-300x200.jpeg\" alt=\"\" width=\"300\" height=\"200\" srcset=\"https:\/\/neutrale.al\/wp-content\/uploads\/2022\/05\/D0F9E0CD-86D9-4157-8081-A7BCC21AA649-300x200.jpeg 300w, https:\/\/neutrale.al\/wp-content\/uploads\/2022\/05\/D0F9E0CD-86D9-4157-8081-A7BCC21AA649-1024x682.jpeg 1024w, https:\/\/neutrale.al\/wp-content\/uploads\/2022\/05\/D0F9E0CD-86D9-4157-8081-A7BCC21AA649-768x512.jpeg 768w, https:\/\/neutrale.al\/wp-content\/uploads\/2022\/05\/D0F9E0CD-86D9-4157-8081-A7BCC21AA649-330x220.jpeg 330w, https:\/\/neutrale.al\/wp-content\/uploads\/2022\/05\/D0F9E0CD-86D9-4157-8081-A7BCC21AA649-420x280.jpeg 420w, https:\/\/neutrale.al\/wp-content\/uploads\/2022\/05\/D0F9E0CD-86D9-4157-8081-A7BCC21AA649-615x410.jpeg 615w, https:\/\/neutrale.al\/wp-content\/uploads\/2022\/05\/D0F9E0CD-86D9-4157-8081-A7BCC21AA649-860x573.jpeg 860w, https:\/\/neutrale.al\/wp-content\/uploads\/2022\/05\/D0F9E0CD-86D9-4157-8081-A7BCC21AA649.jpeg 1280w\" sizes=\"auto, (max-width: 300px) 100vw, 300px\" \/><\/p>\n","protected":false},"excerpt":{"rendered":"<p>Nga pamjet e publikuara Rama shihet n\u00ebn shoq\u00ebrin\u00eb e kryetarit t\u00eb grupit parlamentar t\u00eb Partis\u00eb Socialdemokrate gjermane, Rolf M\u00fctzenich. \u201cMe Rolf M\u00fctzenich, kryetar i grupit parlamentar dhe drejtues t\u00eb tjer\u00eb t\u00eb SPD\u201d, shkruan Rama n\u00eb mbishkrimin e fotove.<\/p>\n","protected":false},"author":2,"featured_media":3523,"comment_status":"open","ping_status":"open","sticky":false,"template":"","format":"standard","meta":{"footnotes":""},"categories":[118,9],"tags":[27],"class_list":{"0":"post-3520","1":"post","2":"type-post","3":"status-publish","4":"format-standard","5":"has-post-thumbnail","7":"category-kryesore","8":"category-politika","9":"tag-lajme"},"_links":{"self":[{"href":"https:\/\/neutrale.al\/index.php\/wp-json\/wp\/v2\/posts\/3520","targetHints":{"allow":["GET"]}}],"collection":[{"href":"https:\/\/neutrale.al\/index.php\/wp-json\/wp\/v2\/posts"}],"about":[{"href":"https:\/\/neutrale.al\/index.php\/wp-json\/wp\/v2\/types\/post"}],"author":[{"embeddable":true,"href":"https:\/\/neutrale.al\/index.php\/wp-json\/wp\/v2\/users\/2"}],"replies":[{"embeddable":true,"href":"https:\/\/neutrale.al\/index.php\/wp-json\/wp\/v2\/comments?post=3520"}],"version-history":[{"count":1,"href":"https:\/\/neutrale.al\/index.php\/wp-json\/wp\/v2\/posts\/3520\/revisions"}],"predecessor-version":[{"id":3524,"href":"https:\/\/neutrale.al\/index.php\/wp-json\/wp\/v2\/posts\/3520\/revisions\/3524"}],"wp:featuredmedia":[{"embeddable":true,"href":"https:\/\/neutrale.al\/index.php\/wp-json\/wp\/v2\/media\/3523"}],"wp:attachment":[{"href":"https:\/\/neutrale.al\/index.php\/wp-json\/wp\/v2\/media?parent=3520"}],"wp:term":[{"taxonomy":"category","embeddable":true,"href":"https:\/\/neutrale.al\/index.php\/wp-json\/wp\/v2\/categories?post=3520"},{"taxonomy":"post_tag","embeddable":true,"href":"https:\/\/neutrale.al\/index.php\/wp-json\/wp\/v2\/tags?post=3520"}],"curies":[{"name":"wp","href":"https:\/\/api.w.org\/{rel}","templated":true}]}}