{"id":3501,"date":"2022-05-19T11:44:46","date_gmt":"2022-05-19T11:44:46","guid":{"rendered":"https:\/\/neutrale.al\/?p=3501"},"modified":"2022-05-19T11:44:46","modified_gmt":"2022-05-19T11:44:46","slug":"mega-operacioni-i-spak-dhe-policise-se-shtetit","status":"publish","type":"post","link":"https:\/\/neutrale.al\/index.php\/2022\/05\/19\/mega-operacioni-i-spak-dhe-policise-se-shtetit\/","title":{"rendered":"Mega-operacioni i SPAK dhe Policis\u00eb s\u00eb Shtetit"},"content":{"rendered":"<p>Gledis Nano:<br \/>\nNga 32 urdh\u00ebr arreste, n\u00eb pranga 18 persona<br \/>\nMes tyre ka zyrtar\u00eb dhe ish-zyrtar\u00eb policor\u00eb dhe element\u00eb t\u00eb grupeve kriminale t\u00eb cil\u00ebt e kan\u00eb nga nj\u00eb mas\u00eb sigurie. <\/p>\n<p>Deklarata e Gledis Nanos<br \/>\nOperacioni \u00ebsht\u00eb n\u00eb vijim dhe ka nisur pas arrestimit t\u00eb Nuredin Dumanit nga policia n\u00eb bashk\u00ebpunim\u00a0 me prokurorin\u00eb. Pas informacioneve t\u00eb marra u krijuan dyshime o\u00ebr p\u00ebrfshirjen e shum\u00eb personave t\u00eb tjer\u00eb. 32 urdh\u00ebr arreste dhe 28 banesa t\u00eb kontrolluar. Operacioni \u00ebsht\u00eb shtrir\u00eb n\u00eb disa qytete t\u00eb ndryshme.<\/p>\n","protected":false},"excerpt":{"rendered":"<p>Gledis Nano: Nga 32 urdh\u00ebr arreste, n\u00eb pranga 18 persona Mes tyre ka zyrtar\u00eb dhe ish-zyrtar\u00eb policor\u00eb dhe element\u00eb t\u00eb grupeve kriminale t\u00eb cil\u00ebt e kan\u00eb nga nj\u00eb mas\u00eb sigurie. Deklarata e Gledis Nanos Operacioni \u00ebsht\u00eb n\u00eb vijim dhe ka nisur pas arrestimit t\u00eb Nuredin Dumanit nga policia n\u00eb bashk\u00ebpunim\u00a0 me prokurorin\u00eb. Pas informacioneve t\u00eb [&hellip;]<\/p>\n","protected":false},"author":2,"featured_media":3502,"comment_status":"open","ping_status":"open","sticky":false,"template":"","format":"standard","meta":{"footnotes":""},"categories":[117,118],"tags":[27],"class_list":{"0":"post-3501","1":"post","2":"type-post","3":"status-publish","4":"format-standard","5":"has-post-thumbnail","7":"category-aktualitet","8":"category-kryesore","9":"tag-lajme"},"_links":{"self":[{"href":"https:\/\/neutrale.al\/index.php\/wp-json\/wp\/v2\/posts\/3501","targetHints":{"allow":["GET"]}}],"collection":[{"href":"https:\/\/neutrale.al\/index.php\/wp-json\/wp\/v2\/posts"}],"about":[{"href":"https:\/\/neutrale.al\/index.php\/wp-json\/wp\/v2\/types\/post"}],"author":[{"embeddable":true,"href":"https:\/\/neutrale.al\/index.php\/wp-json\/wp\/v2\/users\/2"}],"replies":[{"embeddable":true,"href":"https:\/\/neutrale.al\/index.php\/wp-json\/wp\/v2\/comments?post=3501"}],"version-history":[{"count":1,"href":"https:\/\/neutrale.al\/index.php\/wp-json\/wp\/v2\/posts\/3501\/revisions"}],"predecessor-version":[{"id":3503,"href":"https:\/\/neutrale.al\/index.php\/wp-json\/wp\/v2\/posts\/3501\/revisions\/3503"}],"wp:featuredmedia":[{"embeddable":true,"href":"https:\/\/neutrale.al\/index.php\/wp-json\/wp\/v2\/media\/3502"}],"wp:attachment":[{"href":"https:\/\/neutrale.al\/index.php\/wp-json\/wp\/v2\/media?parent=3501"}],"wp:term":[{"taxonomy":"category","embeddable":true,"href":"https:\/\/neutrale.al\/index.php\/wp-json\/wp\/v2\/categories?post=3501"},{"taxonomy":"post_tag","embeddable":true,"href":"https:\/\/neutrale.al\/index.php\/wp-json\/wp\/v2\/tags?post=3501"}],"curies":[{"name":"wp","href":"https:\/\/api.w.org\/{rel}","templated":true}]}}