{"id":3487,"date":"2022-05-19T11:23:35","date_gmt":"2022-05-19T11:23:35","guid":{"rendered":"https:\/\/neutrale.al\/?p=3487"},"modified":"2022-05-19T11:23:35","modified_gmt":"2022-05-19T11:23:35","slug":"emra-te-tjere-per-president-ne-mbledhjen-e-grupit-demokrat","status":"publish","type":"post","link":"https:\/\/neutrale.al\/index.php\/2022\/05\/19\/emra-te-tjere-per-president-ne-mbledhjen-e-grupit-demokrat\/","title":{"rendered":"Emra t\u00eb tjer\u00eb p\u00ebr President n\u00eb mbledhjen e grupit demokrat."},"content":{"rendered":"<p>Deputeti i Partis\u00eb Demokratike, Ferdinand Xhaferraj ka propozuar n\u00eb mbledhjen e sotme emrin e Leonard Demit si kandidat p\u00ebr President. <\/p>\n<p>Demi ka qen\u00eb deputet i Partis\u00eb Demokratike nga viti 2005 deri n\u00eb 2009. <\/p>\n<p>Ai ishte gjithashtu ambasador i Shqip\u00ebris\u00eb n\u00eb NATO gjat\u00eb koh\u00ebs s\u00eb qeverisjes s\u00eb Ram\u00ebs. <\/p>\n<p>Nd\u00ebrkoh\u00eb deputeti i qarkut t\u00eb Kuk\u00ebsit, Flamur Hoxha ka propozuar emrin e Arben \u00c7ejkut, ish ambasador i Shqip\u00ebris\u00eb n\u00eb Maqedoni. <\/p>\n<p>Sakaq, deputeti i Kor\u00e7\u00ebs, Bledjon Nallbati ka propozuar si kandidat p\u00ebr President, emrin e ish-ministrit t\u00eb Brendsh\u00ebm dhe ish gjeneralin, Dritan Demirajn.<\/p>\n","protected":false},"excerpt":{"rendered":"<p>Deputeti i Partis\u00eb Demokratike, Ferdinand Xhaferraj ka propozuar n\u00eb mbledhjen e sotme emrin e Leonard Demit si kandidat p\u00ebr President. Demi ka qen\u00eb deputet i Partis\u00eb Demokratike nga viti 2005 deri n\u00eb 2009. Ai ishte gjithashtu ambasador i Shqip\u00ebris\u00eb n\u00eb NATO gjat\u00eb koh\u00ebs s\u00eb qeverisjes s\u00eb Ram\u00ebs. Nd\u00ebrkoh\u00eb deputeti i qarkut t\u00eb Kuk\u00ebsit, Flamur Hoxha [&hellip;]<\/p>\n","protected":false},"author":2,"featured_media":3488,"comment_status":"open","ping_status":"open","sticky":false,"template":"","format":"standard","meta":{"footnotes":""},"categories":[118,9],"tags":[27],"class_list":{"0":"post-3487","1":"post","2":"type-post","3":"status-publish","4":"format-standard","5":"has-post-thumbnail","7":"category-kryesore","8":"category-politika","9":"tag-lajme"},"_links":{"self":[{"href":"https:\/\/neutrale.al\/index.php\/wp-json\/wp\/v2\/posts\/3487","targetHints":{"allow":["GET"]}}],"collection":[{"href":"https:\/\/neutrale.al\/index.php\/wp-json\/wp\/v2\/posts"}],"about":[{"href":"https:\/\/neutrale.al\/index.php\/wp-json\/wp\/v2\/types\/post"}],"author":[{"embeddable":true,"href":"https:\/\/neutrale.al\/index.php\/wp-json\/wp\/v2\/users\/2"}],"replies":[{"embeddable":true,"href":"https:\/\/neutrale.al\/index.php\/wp-json\/wp\/v2\/comments?post=3487"}],"version-history":[{"count":1,"href":"https:\/\/neutrale.al\/index.php\/wp-json\/wp\/v2\/posts\/3487\/revisions"}],"predecessor-version":[{"id":3489,"href":"https:\/\/neutrale.al\/index.php\/wp-json\/wp\/v2\/posts\/3487\/revisions\/3489"}],"wp:featuredmedia":[{"embeddable":true,"href":"https:\/\/neutrale.al\/index.php\/wp-json\/wp\/v2\/media\/3488"}],"wp:attachment":[{"href":"https:\/\/neutrale.al\/index.php\/wp-json\/wp\/v2\/media?parent=3487"}],"wp:term":[{"taxonomy":"category","embeddable":true,"href":"https:\/\/neutrale.al\/index.php\/wp-json\/wp\/v2\/categories?post=3487"},{"taxonomy":"post_tag","embeddable":true,"href":"https:\/\/neutrale.al\/index.php\/wp-json\/wp\/v2\/tags?post=3487"}],"curies":[{"name":"wp","href":"https:\/\/api.w.org\/{rel}","templated":true}]}}