{"id":3482,"date":"2022-05-19T11:11:25","date_gmt":"2022-05-19T11:11:25","guid":{"rendered":"https:\/\/neutrale.al\/?p=3482"},"modified":"2022-05-19T11:15:29","modified_gmt":"2022-05-19T11:15:29","slug":"mbytet-anija-e-nisur-nga-ankoni-per-ne-shqiperia-ka-te-vdekur","status":"publish","type":"post","link":"https:\/\/neutrale.al\/index.php\/2022\/05\/19\/mbytet-anija-e-nisur-nga-ankoni-per-ne-shqiperia-ka-te-vdekur\/","title":{"rendered":"Mbytet anija e nisur nga Ankona p\u00ebr n\u00eb Shqip\u00ebria, ka t\u00eb vdekur."},"content":{"rendered":"<p>M\u00ebngjesin e k\u00ebsaj t\u00eb enjte \u00ebsht\u00eb regjistruar nj\u00eb tragjedi n\u00eb det. Anija italiane &#8216;Franco L&#8217; \u00ebsht\u00eb mbytur n\u00eb brigjet e Barit. Sipas\u00a0medieve italiane\u00a0nga ngjarja kan\u00eb mbetur t\u00eb vdekur 4 persona dhe \u00ebsht\u00eb zhdukur 1 tjet\u00ebr. <\/p>\n<p>Ngjarja ndodhi mbr\u00ebmjen e djeshme, rreth or\u00ebs 21:00. Anija ishte nisur nga Ankona dhe destinacion kishte Shqip\u00ebrin\u00eb. Pas ngjarjes drejt anijes jan\u00eb nisur helikopter\u00eb t\u00eb mbrojtjes si dhe anijet p\u00ebr t\u00eb shp\u00ebtuar marinar\u00ebt q\u00eb gjendeshin n\u00eb bord. <\/p>\n<p>Dy nga 4 viktimat jan\u00eb pikasur nga nj\u00eb rimarkiotor kroat, teksa dy t\u00eb tjer\u00ebt nga nj\u00eb avion. Nd\u00ebrkoh\u00eb personi i gjetur \u00ebsht\u00eb komandanti i anijes, nj\u00eb 63-vje\u00e7ar sicilian. Ky i fundit ndodhet n\u00eb spitalin Policlinico di Bari. Shkak i tragjedis\u00eb \u00ebsht\u00eb b\u00ebr\u00eb era e fort\u00eb dhe moti i keq dhe i paq\u00ebndruesh\u00ebm<\/p>\n","protected":false},"excerpt":{"rendered":"<p>M\u00ebngjesin e k\u00ebsaj t\u00eb enjte \u00ebsht\u00eb regjistruar nj\u00eb tragjedi n\u00eb det. Anija italiane &#8216;Franco L&#8217; \u00ebsht\u00eb mbytur n\u00eb brigjet e Barit. Sipas\u00a0medieve italiane\u00a0nga ngjarja kan\u00eb mbetur t\u00eb vdekur 4 persona dhe \u00ebsht\u00eb zhdukur 1 tjet\u00ebr. Ngjarja ndodhi mbr\u00ebmjen e djeshme, rreth or\u00ebs 21:00. Anija ishte nisur nga Ankona dhe destinacion kishte Shqip\u00ebrin\u00eb. Pas ngjarjes drejt [&hellip;]<\/p>\n","protected":false},"author":2,"featured_media":3483,"comment_status":"open","ping_status":"open","sticky":false,"template":"","format":"standard","meta":{"footnotes":""},"categories":[117,118],"tags":[27],"class_list":{"0":"post-3482","1":"post","2":"type-post","3":"status-publish","4":"format-standard","5":"has-post-thumbnail","7":"category-aktualitet","8":"category-kryesore","9":"tag-lajme"},"_links":{"self":[{"href":"https:\/\/neutrale.al\/index.php\/wp-json\/wp\/v2\/posts\/3482","targetHints":{"allow":["GET"]}}],"collection":[{"href":"https:\/\/neutrale.al\/index.php\/wp-json\/wp\/v2\/posts"}],"about":[{"href":"https:\/\/neutrale.al\/index.php\/wp-json\/wp\/v2\/types\/post"}],"author":[{"embeddable":true,"href":"https:\/\/neutrale.al\/index.php\/wp-json\/wp\/v2\/users\/2"}],"replies":[{"embeddable":true,"href":"https:\/\/neutrale.al\/index.php\/wp-json\/wp\/v2\/comments?post=3482"}],"version-history":[{"count":2,"href":"https:\/\/neutrale.al\/index.php\/wp-json\/wp\/v2\/posts\/3482\/revisions"}],"predecessor-version":[{"id":3485,"href":"https:\/\/neutrale.al\/index.php\/wp-json\/wp\/v2\/posts\/3482\/revisions\/3485"}],"wp:featuredmedia":[{"embeddable":true,"href":"https:\/\/neutrale.al\/index.php\/wp-json\/wp\/v2\/media\/3483"}],"wp:attachment":[{"href":"https:\/\/neutrale.al\/index.php\/wp-json\/wp\/v2\/media?parent=3482"}],"wp:term":[{"taxonomy":"category","embeddable":true,"href":"https:\/\/neutrale.al\/index.php\/wp-json\/wp\/v2\/categories?post=3482"},{"taxonomy":"post_tag","embeddable":true,"href":"https:\/\/neutrale.al\/index.php\/wp-json\/wp\/v2\/tags?post=3482"}],"curies":[{"name":"wp","href":"https:\/\/api.w.org\/{rel}","templated":true}]}}