{"id":3479,"date":"2022-05-19T10:59:23","date_gmt":"2022-05-19T10:59:23","guid":{"rendered":"https:\/\/neutrale.al\/?p=3479"},"modified":"2022-05-19T10:59:23","modified_gmt":"2022-05-19T10:59:23","slug":"zgjedhja-e-presidentit-opozita-shton-emrat","status":"publish","type":"post","link":"https:\/\/neutrale.al\/index.php\/2022\/05\/19\/zgjedhja-e-presidentit-opozita-shton-emrat\/","title":{"rendered":"Zgjedhja e Presidentit: Opozita shton emrat"},"content":{"rendered":"<p>Dje n\u00eb negociatat me PS u ra dakord q\u00eb opozita t\u00eb propozoj\u00eb kandidat\u00eb dhe sot kreu n\u00eb detyr\u00eb, Enkelejd Alibeaj ka pasur nj\u00eb takim me Mesila Dod\u00ebn e PDIU dhe kreun e PAA, Agron Duka. <\/p>\n<p>Pal\u00ebt kan\u00eb r\u00ebn\u00eb dakord q\u00eb dy emra t\u2019i propozojn\u00eb aleat\u00ebt dhe dy PD. M\u00ebsohet se Duka ka hedhur si propozim emrin e Dashamir Shehit. Nd\u00ebrkoh\u00eb emra t\u00eb tjer\u00eb q\u00eb p\u00ebrfliten jan\u00eb: Ina Rama, Visar Zhiti, Dritan Demiraj, Neritan Ceka, Arben Cejku dhe Majlinda Bregu.<br \/>\nNuk dihet n\u00ebse opozita do t\u00eb mund t\u00eb mbetet te nj\u00eb em\u00ebr konsensual apo do t\u00eb mbetet thjesht n\u00eb kontradiktat e brendshme t\u00eb saj<\/p>\n","protected":false},"excerpt":{"rendered":"<p>Dje n\u00eb negociatat me PS u ra dakord q\u00eb opozita t\u00eb propozoj\u00eb kandidat\u00eb dhe sot kreu n\u00eb detyr\u00eb, Enkelejd Alibeaj ka pasur nj\u00eb takim me Mesila Dod\u00ebn e PDIU dhe kreun e PAA, Agron Duka. Pal\u00ebt kan\u00eb r\u00ebn\u00eb dakord q\u00eb dy emra t\u2019i propozojn\u00eb aleat\u00ebt dhe dy PD. M\u00ebsohet se Duka ka hedhur si propozim [&hellip;]<\/p>\n","protected":false},"author":2,"featured_media":3480,"comment_status":"open","ping_status":"open","sticky":false,"template":"","format":"standard","meta":{"footnotes":""},"categories":[118,9],"tags":[27],"class_list":{"0":"post-3479","1":"post","2":"type-post","3":"status-publish","4":"format-standard","5":"has-post-thumbnail","7":"category-kryesore","8":"category-politika","9":"tag-lajme"},"_links":{"self":[{"href":"https:\/\/neutrale.al\/index.php\/wp-json\/wp\/v2\/posts\/3479","targetHints":{"allow":["GET"]}}],"collection":[{"href":"https:\/\/neutrale.al\/index.php\/wp-json\/wp\/v2\/posts"}],"about":[{"href":"https:\/\/neutrale.al\/index.php\/wp-json\/wp\/v2\/types\/post"}],"author":[{"embeddable":true,"href":"https:\/\/neutrale.al\/index.php\/wp-json\/wp\/v2\/users\/2"}],"replies":[{"embeddable":true,"href":"https:\/\/neutrale.al\/index.php\/wp-json\/wp\/v2\/comments?post=3479"}],"version-history":[{"count":1,"href":"https:\/\/neutrale.al\/index.php\/wp-json\/wp\/v2\/posts\/3479\/revisions"}],"predecessor-version":[{"id":3481,"href":"https:\/\/neutrale.al\/index.php\/wp-json\/wp\/v2\/posts\/3479\/revisions\/3481"}],"wp:featuredmedia":[{"embeddable":true,"href":"https:\/\/neutrale.al\/index.php\/wp-json\/wp\/v2\/media\/3480"}],"wp:attachment":[{"href":"https:\/\/neutrale.al\/index.php\/wp-json\/wp\/v2\/media?parent=3479"}],"wp:term":[{"taxonomy":"category","embeddable":true,"href":"https:\/\/neutrale.al\/index.php\/wp-json\/wp\/v2\/categories?post=3479"},{"taxonomy":"post_tag","embeddable":true,"href":"https:\/\/neutrale.al\/index.php\/wp-json\/wp\/v2\/tags?post=3479"}],"curies":[{"name":"wp","href":"https:\/\/api.w.org\/{rel}","templated":true}]}}