{"id":3476,"date":"2022-05-19T10:58:09","date_gmt":"2022-05-19T10:58:09","guid":{"rendered":"https:\/\/neutrale.al\/?p=3476"},"modified":"2022-05-19T10:58:09","modified_gmt":"2022-05-19T10:58:09","slug":"tirane-hiqet-emri-i-rruges-se-donika-kastriotit-dhe-vihet-ukraina-e-lire","status":"publish","type":"post","link":"https:\/\/neutrale.al\/index.php\/2022\/05\/19\/tirane-hiqet-emri-i-rruges-se-donika-kastriotit-dhe-vihet-ukraina-e-lire\/","title":{"rendered":"Tiran\u00eb-Hiqet emri i rrug\u00ebs s\u00eb Donika Kastriotit dhe vihet Ukraina e Lir\u00eb."},"content":{"rendered":"<p>Donika Kastrioti e para Zonj\u00eb e Par\u00eb e Arb\u00ebris\u00eb&#8230;<br \/>\nKjo rrug\u00eb \u00ebsht\u00eb mbas Selis\u00eb s\u00eb Kuvendit, paralel me Bulevardit &#8221; D\u00ebshmor\u00ebt e Kombit&#8221;.<br \/>\nMbante emrin emblematik Donika Kastrioti-Arianiti.<br \/>\nE pra, tashm\u00eb ajo rrug\u00eb ka em\u00ebrtimin&#8221;Ukraina e Lir\u00eb&#8221;.<br \/>\nA s&#8217;ju kujton, ky veprim, parrullat &#8220;Vietnami do fitoi&#8221; ?<br \/>\nO t\u00eb marr\u00eb, o kozmopolit\u00eb, nuk mund t\u00eb tejkalohet respekti ndaj emrave t\u00eb shquar t\u00eb historis\u00eb komb\u00ebtare me solidaritetin ndaj t\u00eb tjer\u00ebve.<br \/>\nN\u00eb em\u00ebrtesat e rrug\u00ebve t\u00eb Tiran\u00ebs ka emra vras\u00ebsish dhe antetator\u00ebsh dhe ju hiqni emrin e t\u00eb par\u00ebs Zonj\u00eb t\u00eb Par\u00eb t\u00eb Arb\u00ebris\u00eb.<\/p>\n","protected":false},"excerpt":{"rendered":"<p>Donika Kastrioti e para Zonj\u00eb e Par\u00eb e Arb\u00ebris\u00eb&#8230; Kjo rrug\u00eb \u00ebsht\u00eb mbas Selis\u00eb s\u00eb Kuvendit, paralel me Bulevardit &#8221; D\u00ebshmor\u00ebt e Kombit&#8221;. Mbante emrin emblematik Donika Kastrioti-Arianiti. E pra, tashm\u00eb ajo rrug\u00eb ka em\u00ebrtimin&#8221;Ukraina e Lir\u00eb&#8221;. A s&#8217;ju kujton, ky veprim, parrullat &#8220;Vietnami do fitoi&#8221; ? O t\u00eb marr\u00eb, o kozmopolit\u00eb, nuk mund t\u00eb [&hellip;]<\/p>\n","protected":false},"author":2,"featured_media":3477,"comment_status":"open","ping_status":"open","sticky":false,"template":"","format":"standard","meta":{"footnotes":""},"categories":[117,118],"tags":[27],"class_list":{"0":"post-3476","1":"post","2":"type-post","3":"status-publish","4":"format-standard","5":"has-post-thumbnail","7":"category-aktualitet","8":"category-kryesore","9":"tag-lajme"},"_links":{"self":[{"href":"https:\/\/neutrale.al\/index.php\/wp-json\/wp\/v2\/posts\/3476","targetHints":{"allow":["GET"]}}],"collection":[{"href":"https:\/\/neutrale.al\/index.php\/wp-json\/wp\/v2\/posts"}],"about":[{"href":"https:\/\/neutrale.al\/index.php\/wp-json\/wp\/v2\/types\/post"}],"author":[{"embeddable":true,"href":"https:\/\/neutrale.al\/index.php\/wp-json\/wp\/v2\/users\/2"}],"replies":[{"embeddable":true,"href":"https:\/\/neutrale.al\/index.php\/wp-json\/wp\/v2\/comments?post=3476"}],"version-history":[{"count":1,"href":"https:\/\/neutrale.al\/index.php\/wp-json\/wp\/v2\/posts\/3476\/revisions"}],"predecessor-version":[{"id":3478,"href":"https:\/\/neutrale.al\/index.php\/wp-json\/wp\/v2\/posts\/3476\/revisions\/3478"}],"wp:featuredmedia":[{"embeddable":true,"href":"https:\/\/neutrale.al\/index.php\/wp-json\/wp\/v2\/media\/3477"}],"wp:attachment":[{"href":"https:\/\/neutrale.al\/index.php\/wp-json\/wp\/v2\/media?parent=3476"}],"wp:term":[{"taxonomy":"category","embeddable":true,"href":"https:\/\/neutrale.al\/index.php\/wp-json\/wp\/v2\/categories?post=3476"},{"taxonomy":"post_tag","embeddable":true,"href":"https:\/\/neutrale.al\/index.php\/wp-json\/wp\/v2\/tags?post=3476"}],"curies":[{"name":"wp","href":"https:\/\/api.w.org\/{rel}","templated":true}]}}