{"id":33975,"date":"2022-12-20T15:12:40","date_gmt":"2022-12-20T15:12:40","guid":{"rendered":"https:\/\/neutrale.al\/?p=33975"},"modified":"2022-12-20T15:12:40","modified_gmt":"2022-12-20T15:12:40","slug":"albert-avduli-21-dhjetori-i-tiranes-dhe-stalinit-si-tmerr-e-turp","status":"publish","type":"post","link":"https:\/\/neutrale.al\/index.php\/2022\/12\/20\/albert-avduli-21-dhjetori-i-tiranes-dhe-stalinit-si-tmerr-e-turp\/","title":{"rendered":"Albert Avduli \/ &#8220;21 dhjetori&#8221; i Tiran\u00ebs dhe Stalinit si tmerr e turp."},"content":{"rendered":"<p>Po, po tmerr e turp ose skleroz\u00eb komb\u00ebtare.<br \/>\nAjo pik\u00eb referuese n\u00eb kryeqytet, duhet t\u00eb ket\u00eb nj\u00eb em\u00ebr, q\u00eb na nderon e jo tmerron.<br \/>\nJosif Stalin, lindi n\u00eb stepat e Gjeorgjis\u00eb, m\u00eb 21 dhjetor,1879. E gjakosi dhe err\u00ebsoj Evrop\u00ebn, por edhe m\u00eb tej.<br \/>\nVasali \u00ec tij n\u00eb Tiran\u00eb, Enver Hoxha, e tejkaloj n\u00eb zezan\u00ebn q\u00eb i b\u00ebri k\u00ebtij populli.<br \/>\nNe, ende, nj\u00eb nga pikat kryesore referuese t\u00eb kryeqytetit t\u00eb vendit, e p\u00ebrcaktojm\u00eb si &#8221; 21 dhjetori &#8220;.<br \/>\nToponim makab\u00ebr.<br \/>\nPo aq e r\u00ebnd\u00eb sa ta quajm\u00eb s\u00ebrish universitetin &#8221; Enver Hoxha&#8221;.<br \/>\nZyrtarisht, sheshi te ai kryq\u00ebzim, quhet &#8220;Ataturk&#8221;, por duket se nuk ka ngjitur aq sa t\u00eb zhb\u00ebj\u00eb emrin q\u00eb e pag\u00ebzoj partia dikur.<br \/>\nDuhet di\u00e7ka e fort\u00eb shqip. Nj\u00eb bust dominues \u00ec ndonj\u00eb personazhi t\u00eb shquar shqiptar. Fjala p\u00ebr nj\u00eb simbol(ik\u00eb) me p\u00ebrmasa t\u00eb m\u00ebdha ndikuese, p\u00ebr t\u00eb rr\u00ebzuar mitin e s\u00eb keqes.<br \/>\nDo t\u00eb ishte krenari p\u00ebr t\u00eb gjith\u00eb, n\u00ebse ajo nyje ky\u00e7e e Tiran\u00ebs do t\u00eb quhej p.sh, Faik Konica, At. Zef Pllumbi, Hoxh\u00eb Ali Kraja, Osman Kazazi, Baba Reshat Bardhi, Ibrahim Rugova, Jani Vreto, Ernest Koliqi, Andon Zako \u00c7ajupi, Mehdi Frash\u00ebri, Fehmi Agani, Prek Cali, Refik Toptani, Anton Arapi, Pjet\u00ebr Arbnori, Papa Kristo Negovani, Loro Bori\u00e7i, Va\u00e7e Zela, Lorik Cana, apo \u00e7do em\u00ebr tjet\u00ebr q\u00eb nderon e nuk tmerron.<br \/>\nE nj\u00ebjta gj\u00eb, mbase, duhet edhe p\u00ebr kryq\u00ebzimin e Zogut t\u00eb Zi , pavar\u00ebsisht se em\u00ebrtesa nuk tmerron k\u00ebnd.<\/p>\n","protected":false},"excerpt":{"rendered":"<p>Po, po tmerr e turp ose skleroz\u00eb komb\u00ebtare. Ajo pik\u00eb referuese n\u00eb kryeqytet, duhet t\u00eb ket\u00eb nj\u00eb em\u00ebr, q\u00eb na nderon e jo tmerron. Josif Stalin, lindi n\u00eb stepat e Gjeorgjis\u00eb, m\u00eb 21 dhjetor,1879. E gjakosi dhe err\u00ebsoj Evrop\u00ebn, por edhe m\u00eb tej. Vasali \u00ec tij n\u00eb Tiran\u00eb, Enver Hoxha, e tejkaloj n\u00eb zezan\u00ebn q\u00eb [&hellip;]<\/p>\n","protected":false},"author":2,"featured_media":33976,"comment_status":"open","ping_status":"open","sticky":false,"template":"","format":"standard","meta":{"footnotes":""},"categories":[114],"tags":[],"class_list":{"0":"post-33975","1":"post","2":"type-post","3":"status-publish","4":"format-standard","5":"has-post-thumbnail","7":"category-editorial"},"_links":{"self":[{"href":"https:\/\/neutrale.al\/index.php\/wp-json\/wp\/v2\/posts\/33975","targetHints":{"allow":["GET"]}}],"collection":[{"href":"https:\/\/neutrale.al\/index.php\/wp-json\/wp\/v2\/posts"}],"about":[{"href":"https:\/\/neutrale.al\/index.php\/wp-json\/wp\/v2\/types\/post"}],"author":[{"embeddable":true,"href":"https:\/\/neutrale.al\/index.php\/wp-json\/wp\/v2\/users\/2"}],"replies":[{"embeddable":true,"href":"https:\/\/neutrale.al\/index.php\/wp-json\/wp\/v2\/comments?post=33975"}],"version-history":[{"count":1,"href":"https:\/\/neutrale.al\/index.php\/wp-json\/wp\/v2\/posts\/33975\/revisions"}],"predecessor-version":[{"id":33977,"href":"https:\/\/neutrale.al\/index.php\/wp-json\/wp\/v2\/posts\/33975\/revisions\/33977"}],"wp:featuredmedia":[{"embeddable":true,"href":"https:\/\/neutrale.al\/index.php\/wp-json\/wp\/v2\/media\/33976"}],"wp:attachment":[{"href":"https:\/\/neutrale.al\/index.php\/wp-json\/wp\/v2\/media?parent=33975"}],"wp:term":[{"taxonomy":"category","embeddable":true,"href":"https:\/\/neutrale.al\/index.php\/wp-json\/wp\/v2\/categories?post=33975"},{"taxonomy":"post_tag","embeddable":true,"href":"https:\/\/neutrale.al\/index.php\/wp-json\/wp\/v2\/tags?post=33975"}],"curies":[{"name":"wp","href":"https:\/\/api.w.org\/{rel}","templated":true}]}}