{"id":3390,"date":"2022-05-18T22:08:22","date_gmt":"2022-05-18T22:08:22","guid":{"rendered":"https:\/\/neutrale.al\/?p=3390"},"modified":"2022-05-19T07:02:27","modified_gmt":"2022-05-19T07:02:27","slug":"vrasje-ne-sukth","status":"publish","type":"post","link":"https:\/\/neutrale.al\/index.php\/2022\/05\/18\/vrasje-ne-sukth\/","title":{"rendered":"Vrasje n\u00eb Sukth"},"content":{"rendered":"<p>I p\u00ebrfshir\u00eb n\u00eb dhunimin barbar t\u00eb biznesmenit libanez, kush \u00ebsht\u00eb \u201cManeci\u201d q\u00eb u ekzekutua n\u00eb atentat! Dyshohet se ka qen\u00eb edhe vras\u00ebs me pages\u00eb<\/p>\n<p>T\u00eb tjera detaje kan\u00eb dal\u00eb n\u00eb lidhje me vrasjen n\u00eb Sukth t\u00eb Durr\u00ebsit, ku viktim\u00eb mbeti 48- vjecari Arben M\u00ebrkuri Ismaili. Sipas News24, m\u00ebsohet se autor\u00ebt kan\u00eb qen\u00eb me nj\u00eb automjet tip GLE, ngjyr\u00eb gri. <\/p>\n<p>N\u00eb qend\u00ebr t\u00eb Sukthit, nj\u00eb shtetas ende i paidentifikuar ka q\u00eblluar me arm\u00eb zjarri automatik, n\u00eb drejtim t\u00eb dyqanit t\u00eb shtetasit Arben M\u00ebrkuri (Ismaili), i njohur si Maneci. <\/p>\n<p>P\u00ebr pasoj\u00eb shtetasi Arben M\u00ebrkuri, 48 vje\u00e7, u plagos r\u00ebnd\u00eb dhe si pasoj\u00eb e plag\u00ebve t\u00eb marra nd\u00ebrroi jet\u00eb n\u00eb spital. <\/p>\n<p>Emri i viktim\u00ebs \u00ebsht\u00eb i njohur nga policia dhe drejt\u00ebsia, ai ka qen\u00eb nj\u00eb person me precedent penal dhe dyshohet p\u00ebr krime kund\u00ebr personit dhe p\u00ebr vrasje me pages\u00eb. <\/p>\n<p>Gjithashtu, 48 vjecari dyshohet q\u00eb mund t\u00eb ket\u00eb marr\u00eb pjes\u00eb n\u00eb dhunimin e biznesmenit libanez, Fadi Mitri 6 vite m\u00eb par\u00eb n\u00eb rrug\u00ebn e Rinasit.<\/p>\n","protected":false},"excerpt":{"rendered":"<p>I p\u00ebrfshir\u00eb n\u00eb dhunimin barbar t\u00eb biznesmenit libanez, kush \u00ebsht\u00eb \u201cManeci\u201d q\u00eb u ekzekutua n\u00eb atentat! Dyshohet se ka qen\u00eb edhe vras\u00ebs me pages\u00eb T\u00eb tjera detaje kan\u00eb dal\u00eb n\u00eb lidhje me vrasjen n\u00eb Sukth t\u00eb Durr\u00ebsit, ku viktim\u00eb mbeti 48- vjecari Arben M\u00ebrkuri Ismaili. Sipas News24, m\u00ebsohet se autor\u00ebt kan\u00eb qen\u00eb me nj\u00eb automjet [&hellip;]<\/p>\n","protected":false},"author":2,"featured_media":3391,"comment_status":"open","ping_status":"open","sticky":false,"template":"","format":"standard","meta":{"footnotes":""},"categories":[117],"tags":[27],"class_list":{"0":"post-3390","1":"post","2":"type-post","3":"status-publish","4":"format-standard","5":"has-post-thumbnail","7":"category-aktualitet","8":"tag-lajme"},"_links":{"self":[{"href":"https:\/\/neutrale.al\/index.php\/wp-json\/wp\/v2\/posts\/3390","targetHints":{"allow":["GET"]}}],"collection":[{"href":"https:\/\/neutrale.al\/index.php\/wp-json\/wp\/v2\/posts"}],"about":[{"href":"https:\/\/neutrale.al\/index.php\/wp-json\/wp\/v2\/types\/post"}],"author":[{"embeddable":true,"href":"https:\/\/neutrale.al\/index.php\/wp-json\/wp\/v2\/users\/2"}],"replies":[{"embeddable":true,"href":"https:\/\/neutrale.al\/index.php\/wp-json\/wp\/v2\/comments?post=3390"}],"version-history":[{"count":1,"href":"https:\/\/neutrale.al\/index.php\/wp-json\/wp\/v2\/posts\/3390\/revisions"}],"predecessor-version":[{"id":3392,"href":"https:\/\/neutrale.al\/index.php\/wp-json\/wp\/v2\/posts\/3390\/revisions\/3392"}],"wp:featuredmedia":[{"embeddable":true,"href":"https:\/\/neutrale.al\/index.php\/wp-json\/wp\/v2\/media\/3391"}],"wp:attachment":[{"href":"https:\/\/neutrale.al\/index.php\/wp-json\/wp\/v2\/media?parent=3390"}],"wp:term":[{"taxonomy":"category","embeddable":true,"href":"https:\/\/neutrale.al\/index.php\/wp-json\/wp\/v2\/categories?post=3390"},{"taxonomy":"post_tag","embeddable":true,"href":"https:\/\/neutrale.al\/index.php\/wp-json\/wp\/v2\/tags?post=3390"}],"curies":[{"name":"wp","href":"https:\/\/api.w.org\/{rel}","templated":true}]}}