{"id":3387,"date":"2022-05-18T22:07:08","date_gmt":"2022-05-18T22:07:08","guid":{"rendered":"https:\/\/neutrale.al\/?p=3387"},"modified":"2022-05-19T09:50:29","modified_gmt":"2022-05-19T09:50:29","slug":"zv-ministri-i-financave-besart-kadia-personat-me-makina-luksoze-qytetaret-te-jene-te-qete-ja-kush-do-hetohet","status":"publish","type":"post","link":"https:\/\/neutrale.al\/index.php\/2022\/05\/18\/zv-ministri-i-financave-besart-kadia-personat-me-makina-luksoze-qytetaret-te-jene-te-qete-ja-kush-do-hetohet\/","title":{"rendered":"Zv\/ministri i Financave Besart Kadia: Personat me makina luksoze&#8230; Qytetar\u00ebt t\u00eb jen\u00eb t\u00eb qet\u00eb, ja kush do hetohet"},"content":{"rendered":"<p>Pak dit\u00eb m\u00eb par\u00eb kryeministri Edi Rama, n\u00eb nj\u00eb konferenc\u00eb me gazetar\u00ebt ka deklaruar se n\u00eb K\u00ebshillimin Komb\u00ebtar t\u00eb radh\u00ebs, do t\u00eb pyeten qytetar\u00ebt n\u00ebse duan q\u00eb nj\u00eb her\u00eb n\u00eb vit pagat e t\u00eb gjith\u00eb shqiptar\u00ebve t\u00eb b\u00ebhen publike, si dhe paralajm\u00ebroi se do t\u00eb verifikohet stili i jetes\u00ebs dhe pag\u00ebs s\u00eb deklaruar.<\/p>\n<p>I ftuar n\u00eb \u201cOpen\u201d n\u00eb News24, Besart Kadia, zv\/ministri i Financave, deklaroi se qytetar\u00ebt nuk duhet t\u00eb frik\u00ebsohen, pasi kjo nuk do t\u00eb thot\u00eb q\u00eb verifikimi i stilit t\u00eb jetes\u00ebs do t\u00eb b\u00ebhet p\u00ebr k\u00ebdo, por vet\u00ebm p\u00ebr rastet kur dyshohet se ka kontradikt\u00eb t\u00eb madhe mes pag\u00ebs s\u00eb deklaruar dhe jet\u00ebs s\u00eb shtrenjt\u00eb q\u00eb b\u00ebjn\u00eb. <\/p>\n<p>\u201cQeveria s\u2019ka synim t\u00eb hetoj\u00eb stilin e jet\u00ebs s\u00eb gjith\u00eb shqiptar\u00ebve, por p\u00ebr ata q\u00eb jan\u00eb informal\u00eb. Ka disa persona t\u00eb pakt\u00ebn nga hetimet dhe diskutimet, \u00ebsht\u00eb v\u00ebn\u00eb re nj\u00eb kontradikt\u00eb, q\u00eb shum\u00eb persona me nj\u00eb makin\u00eb luksoze kan\u00eb paga m\u00eb t\u00eb vogla se 100 mij\u00eb lek\u00eb t\u00eb reja n\u00eb muaj.<br \/>\nQytetar\u00ebt nuk duhet t\u00eb frik\u00ebsohen se shteti do merret me \u00e7do njeri. Duhet theksuar se me daljen e pagave u b\u00eb dhe nj\u00eb konflikt i brendsh\u00ebm mes punonj\u00ebsve, u vun\u00eb re dhe gj\u00ebra q\u00eb njer\u00ebzit dinin n\u00ebn z\u00eb, por dhe u habit\u00ebn, u vu re q\u00eb kompani t\u00eb m\u00ebdha kishin paga t\u00eb vogla p\u00ebr punonj\u00ebsit.<br \/>\nDisa shtete n\u00eb vendet skandinave e kan\u00eb si praktik\u00eb q\u00eb i kan\u00eb publike p\u00ebr t\u00eb gjith\u00eb.<br \/>\nMe hetimet p\u00ebr 100 biznese, 51 % e pun\u00ebtor\u00ebve kishin probleme me kontratat. Individi p\u00ebrball\u00eb biznesit, shpesh her\u00eb \u00ebsht\u00eb i pafuqish\u00ebm, ka frik\u00eb se do humbas\u00eb vendin e pun\u00ebs dhe po informoj q\u00eb ka abuzime n\u00eb biznes\u201d, u shpreh ai.<\/p>\n","protected":false},"excerpt":{"rendered":"<p>Pak dit\u00eb m\u00eb par\u00eb kryeministri Edi Rama, n\u00eb nj\u00eb konferenc\u00eb me gazetar\u00ebt ka deklaruar se n\u00eb K\u00ebshillimin Komb\u00ebtar t\u00eb radh\u00ebs, do t\u00eb pyeten qytetar\u00ebt n\u00ebse duan q\u00eb nj\u00eb her\u00eb n\u00eb vit pagat e t\u00eb gjith\u00eb shqiptar\u00ebve t\u00eb b\u00ebhen publike, si dhe paralajm\u00ebroi se do t\u00eb verifikohet stili i jetes\u00ebs dhe pag\u00ebs s\u00eb deklaruar. I ftuar [&hellip;]<\/p>\n","protected":false},"author":2,"featured_media":3388,"comment_status":"open","ping_status":"open","sticky":false,"template":"","format":"standard","meta":{"footnotes":""},"categories":[118,9,119],"tags":[27],"class_list":{"0":"post-3387","1":"post","2":"type-post","3":"status-publish","4":"format-standard","5":"has-post-thumbnail","7":"category-kryesore","8":"category-politika","9":"category-zgjedhjet-e-redaktorit","10":"tag-lajme"},"_links":{"self":[{"href":"https:\/\/neutrale.al\/index.php\/wp-json\/wp\/v2\/posts\/3387","targetHints":{"allow":["GET"]}}],"collection":[{"href":"https:\/\/neutrale.al\/index.php\/wp-json\/wp\/v2\/posts"}],"about":[{"href":"https:\/\/neutrale.al\/index.php\/wp-json\/wp\/v2\/types\/post"}],"author":[{"embeddable":true,"href":"https:\/\/neutrale.al\/index.php\/wp-json\/wp\/v2\/users\/2"}],"replies":[{"embeddable":true,"href":"https:\/\/neutrale.al\/index.php\/wp-json\/wp\/v2\/comments?post=3387"}],"version-history":[{"count":1,"href":"https:\/\/neutrale.al\/index.php\/wp-json\/wp\/v2\/posts\/3387\/revisions"}],"predecessor-version":[{"id":3389,"href":"https:\/\/neutrale.al\/index.php\/wp-json\/wp\/v2\/posts\/3387\/revisions\/3389"}],"wp:featuredmedia":[{"embeddable":true,"href":"https:\/\/neutrale.al\/index.php\/wp-json\/wp\/v2\/media\/3388"}],"wp:attachment":[{"href":"https:\/\/neutrale.al\/index.php\/wp-json\/wp\/v2\/media?parent=3387"}],"wp:term":[{"taxonomy":"category","embeddable":true,"href":"https:\/\/neutrale.al\/index.php\/wp-json\/wp\/v2\/categories?post=3387"},{"taxonomy":"post_tag","embeddable":true,"href":"https:\/\/neutrale.al\/index.php\/wp-json\/wp\/v2\/tags?post=3387"}],"curies":[{"name":"wp","href":"https:\/\/api.w.org\/{rel}","templated":true}]}}