{"id":3380,"date":"2022-05-18T19:00:21","date_gmt":"2022-05-18T19:00:21","guid":{"rendered":"https:\/\/neutrale.al\/?p=3380"},"modified":"2022-05-18T19:00:21","modified_gmt":"2022-05-18T19:00:21","slug":"zelensky-firmos-zgjatjen-e-gjendjes-ushtarake-ne-ukraine","status":"publish","type":"post","link":"https:\/\/neutrale.al\/index.php\/2022\/05\/18\/zelensky-firmos-zgjatjen-e-gjendjes-ushtarake-ne-ukraine\/","title":{"rendered":"Zelensky firmos zgjatjen e gjendjes ushtarake  n\u00eb Ukrain\u00eb"},"content":{"rendered":"<p>Presidenti ukrainas Volodymyr Zelensky ka n\u00ebnshkruar dekretin p\u00ebr t\u00eb zgjatur ligjin ushtarak dhe mobilizimin p\u00ebr 90 dit\u00eb t\u00eb tjera n\u00eb vend, duke filluar nga 25 maji.<\/p>\n<p>Dokumentet jan\u00eb dor\u00ebzuar n\u00eb Parlamentin ukrainas dhe duhet t\u00eb miratohen nga t\u00eb pakt\u00ebn gjysma e ligjv\u00ebn\u00ebsve.<\/p>\n<p>Ligji ushtarak u zbatua n\u00eb vend m\u00eb 24 shkurt. Periudha fillestare prej 30 dit\u00ebsh \u00ebsht\u00eb zgjatur dy her\u00eb deri m\u00eb tani.<\/p>\n","protected":false},"excerpt":{"rendered":"<p>Presidenti ukrainas Volodymyr Zelensky ka n\u00ebnshkruar dekretin p\u00ebr t\u00eb zgjatur ligjin ushtarak dhe mobilizimin p\u00ebr 90 dit\u00eb t\u00eb tjera n\u00eb vend, duke filluar nga 25 maji. Dokumentet jan\u00eb dor\u00ebzuar n\u00eb Parlamentin ukrainas dhe duhet t\u00eb miratohen nga t\u00eb pakt\u00ebn gjysma e ligjv\u00ebn\u00ebsve. Ligji ushtarak u zbatua n\u00eb vend m\u00eb 24 shkurt. Periudha fillestare prej 30 [&hellip;]<\/p>\n","protected":false},"author":2,"featured_media":3381,"comment_status":"open","ping_status":"open","sticky":false,"template":"","format":"standard","meta":{"footnotes":""},"categories":[12,118],"tags":[27],"class_list":{"0":"post-3380","1":"post","2":"type-post","3":"status-publish","4":"format-standard","5":"has-post-thumbnail","7":"category-bota","8":"category-kryesore","9":"tag-lajme"},"_links":{"self":[{"href":"https:\/\/neutrale.al\/index.php\/wp-json\/wp\/v2\/posts\/3380","targetHints":{"allow":["GET"]}}],"collection":[{"href":"https:\/\/neutrale.al\/index.php\/wp-json\/wp\/v2\/posts"}],"about":[{"href":"https:\/\/neutrale.al\/index.php\/wp-json\/wp\/v2\/types\/post"}],"author":[{"embeddable":true,"href":"https:\/\/neutrale.al\/index.php\/wp-json\/wp\/v2\/users\/2"}],"replies":[{"embeddable":true,"href":"https:\/\/neutrale.al\/index.php\/wp-json\/wp\/v2\/comments?post=3380"}],"version-history":[{"count":1,"href":"https:\/\/neutrale.al\/index.php\/wp-json\/wp\/v2\/posts\/3380\/revisions"}],"predecessor-version":[{"id":3382,"href":"https:\/\/neutrale.al\/index.php\/wp-json\/wp\/v2\/posts\/3380\/revisions\/3382"}],"wp:featuredmedia":[{"embeddable":true,"href":"https:\/\/neutrale.al\/index.php\/wp-json\/wp\/v2\/media\/3381"}],"wp:attachment":[{"href":"https:\/\/neutrale.al\/index.php\/wp-json\/wp\/v2\/media?parent=3380"}],"wp:term":[{"taxonomy":"category","embeddable":true,"href":"https:\/\/neutrale.al\/index.php\/wp-json\/wp\/v2\/categories?post=3380"},{"taxonomy":"post_tag","embeddable":true,"href":"https:\/\/neutrale.al\/index.php\/wp-json\/wp\/v2\/tags?post=3380"}],"curies":[{"name":"wp","href":"https:\/\/api.w.org\/{rel}","templated":true}]}}