{"id":3364,"date":"2022-05-18T16:39:28","date_gmt":"2022-05-18T16:39:28","guid":{"rendered":"https:\/\/neutrale.al\/?p=3364"},"modified":"2022-05-18T16:39:28","modified_gmt":"2022-05-18T16:39:28","slug":"berisha-takim-me-demokratet-e-beratit","status":"publish","type":"post","link":"https:\/\/neutrale.al\/index.php\/2022\/05\/18\/berisha-takim-me-demokratet-e-beratit\/","title":{"rendered":"Berisha takim me demokrat\u00ebt e Beratit"},"content":{"rendered":"<p>Ish-kryeministri Sali Berisha vijon turin e takimeve me demokrat\u00ebt n\u00eb Shqip\u00ebri, ku pasditen e sotme \u00ebsht\u00eb ndalur n\u00eb qytetin e Beratit.Takimet elektorale zhvillohen n\u00eb kuad\u00ebr t\u00eb zgjedhjeve p\u00ebr kryetarin e PD-s\u00eb q\u00eb pritet t\u00eb zhvillohen n\u00eb 22 maj. P\u00ebrball\u00eb liderit historik t\u00eb PD-s\u00eb \u00ebsht\u00eb regjistruar z.Ibsen Elezi ish kryetar i deg\u00ebs s\u00eb demokrat\u00ebve n\u00eb Kuk\u00ebs dhe nj\u00eb z\u00eb kritik p\u00ebr m\u00ebnyr\u00ebn sesi funksionon opozita e djatht\u00eb<\/p>\n<p>Nj\u00eb dit\u00eb m\u00eb par\u00eb, Berisha ishte n\u00eb qytetin e Durr\u00ebsit.<\/p>\n","protected":false},"excerpt":{"rendered":"<p>Ish-kryeministri Sali Berisha vijon turin e takimeve me demokrat\u00ebt n\u00eb Shqip\u00ebri, ku pasditen e sotme \u00ebsht\u00eb ndalur n\u00eb qytetin e Beratit.Takimet elektorale zhvillohen n\u00eb kuad\u00ebr t\u00eb zgjedhjeve p\u00ebr kryetarin e PD-s\u00eb q\u00eb pritet t\u00eb zhvillohen n\u00eb 22 maj. P\u00ebrball\u00eb liderit historik t\u00eb PD-s\u00eb \u00ebsht\u00eb regjistruar z.Ibsen Elezi ish kryetar i deg\u00ebs s\u00eb demokrat\u00ebve n\u00eb Kuk\u00ebs [&hellip;]<\/p>\n","protected":false},"author":2,"featured_media":3366,"comment_status":"open","ping_status":"open","sticky":false,"template":"","format":"standard","meta":{"footnotes":""},"categories":[118,9],"tags":[27],"class_list":{"0":"post-3364","1":"post","2":"type-post","3":"status-publish","4":"format-standard","5":"has-post-thumbnail","7":"category-kryesore","8":"category-politika","9":"tag-lajme"},"_links":{"self":[{"href":"https:\/\/neutrale.al\/index.php\/wp-json\/wp\/v2\/posts\/3364","targetHints":{"allow":["GET"]}}],"collection":[{"href":"https:\/\/neutrale.al\/index.php\/wp-json\/wp\/v2\/posts"}],"about":[{"href":"https:\/\/neutrale.al\/index.php\/wp-json\/wp\/v2\/types\/post"}],"author":[{"embeddable":true,"href":"https:\/\/neutrale.al\/index.php\/wp-json\/wp\/v2\/users\/2"}],"replies":[{"embeddable":true,"href":"https:\/\/neutrale.al\/index.php\/wp-json\/wp\/v2\/comments?post=3364"}],"version-history":[{"count":1,"href":"https:\/\/neutrale.al\/index.php\/wp-json\/wp\/v2\/posts\/3364\/revisions"}],"predecessor-version":[{"id":3367,"href":"https:\/\/neutrale.al\/index.php\/wp-json\/wp\/v2\/posts\/3364\/revisions\/3367"}],"wp:featuredmedia":[{"embeddable":true,"href":"https:\/\/neutrale.al\/index.php\/wp-json\/wp\/v2\/media\/3366"}],"wp:attachment":[{"href":"https:\/\/neutrale.al\/index.php\/wp-json\/wp\/v2\/media?parent=3364"}],"wp:term":[{"taxonomy":"category","embeddable":true,"href":"https:\/\/neutrale.al\/index.php\/wp-json\/wp\/v2\/categories?post=3364"},{"taxonomy":"post_tag","embeddable":true,"href":"https:\/\/neutrale.al\/index.php\/wp-json\/wp\/v2\/tags?post=3364"}],"curies":[{"name":"wp","href":"https:\/\/api.w.org\/{rel}","templated":true}]}}