{"id":3361,"date":"2022-05-18T15:28:51","date_gmt":"2022-05-18T15:28:51","guid":{"rendered":"https:\/\/neutrale.al\/?p=3361"},"modified":"2022-05-18T15:28:51","modified_gmt":"2022-05-18T15:28:51","slug":"trajneri-i-chelsea-konfirmon-ardhjen-e-armando-brojes-tuchel-do-ta-kthejme-me-patjeter","status":"publish","type":"post","link":"https:\/\/neutrale.al\/index.php\/2022\/05\/18\/trajneri-i-chelsea-konfirmon-ardhjen-e-armando-brojes-tuchel-do-ta-kthejme-me-patjeter\/","title":{"rendered":"Trajneri i Chelsea konfirmon ardhjen e Armando Broj\u00ebs, Tuchel: Do ta kthejm\u00eb me patjet\u00ebr"},"content":{"rendered":"<p>Armando Broja nuk do t\u00eb jet\u00eb m\u00eb pjes\u00eb e Southampton. Sulmuesi shqiptar mund t\u00eb ket\u00eb luajtur ndeshjen e fundit me ta p\u00ebrball\u00eb Liverpul. <\/p>\n<p>Kjo pasi trajneri Hasenhutl do t\u2019i besoj\u00eb lojtar\u00ebve q\u00eb do t\u00eb ket\u00eb edhe n\u00eb sezonin tjet\u00ebr n\u00eb p\u00ebrballjen e fundit t\u00eb Premier League, at\u00eb me Leicester. <\/p>\n<p>Pak m\u00eb par\u00eb ishte trajneri i Chelsea, Tuchel, q\u00eb konfirmoi mund\u00ebsin\u00eb q\u00eb do t\u2019i jap dy lojtar\u00ebve q\u00eb kan\u00eb shk\u00eblqyer pas l\u00ebnies n\u00eb huazim nga londinez\u00ebt, Broja dhe Gallagher. <\/p>\n<p>\u201cT\u00eb dy k\u00ebta lojtar\u00eb do t\u00eb kthehen te Chelsea, sigurisht. Un\u00eb dua t\u2019i kem ata n\u00eb ndeshjet p\u00ebrgatitore p\u00ebr sezonin e ardhsh\u00ebm.<br \/>\nAtje do t\u00eb vendosim p\u00ebrfundimisht edhe p\u00ebr t\u00eb ardhmen e tyre. E gjitha do t\u00eb varet nga Broja dhe Gallagher, sesi do t\u00eb paraqiten n\u00eb k\u00ebto takime\u201d, tha Tuchel.<\/p>\n","protected":false},"excerpt":{"rendered":"<p>Armando Broja nuk do t\u00eb jet\u00eb m\u00eb pjes\u00eb e Southampton. Sulmuesi shqiptar mund t\u00eb ket\u00eb luajtur ndeshjen e fundit me ta p\u00ebrball\u00eb Liverpul. Kjo pasi trajneri Hasenhutl do t\u2019i besoj\u00eb lojtar\u00ebve q\u00eb do t\u00eb ket\u00eb edhe n\u00eb sezonin tjet\u00ebr n\u00eb p\u00ebrballjen e fundit t\u00eb Premier League, at\u00eb me Leicester. Pak m\u00eb par\u00eb ishte trajneri i [&hellip;]<\/p>\n","protected":false},"author":2,"featured_media":3362,"comment_status":"open","ping_status":"open","sticky":false,"template":"","format":"standard","meta":{"footnotes":""},"categories":[118,104],"tags":[27],"class_list":{"0":"post-3361","1":"post","2":"type-post","3":"status-publish","4":"format-standard","5":"has-post-thumbnail","7":"category-kryesore","8":"category-sport","9":"tag-lajme"},"_links":{"self":[{"href":"https:\/\/neutrale.al\/index.php\/wp-json\/wp\/v2\/posts\/3361","targetHints":{"allow":["GET"]}}],"collection":[{"href":"https:\/\/neutrale.al\/index.php\/wp-json\/wp\/v2\/posts"}],"about":[{"href":"https:\/\/neutrale.al\/index.php\/wp-json\/wp\/v2\/types\/post"}],"author":[{"embeddable":true,"href":"https:\/\/neutrale.al\/index.php\/wp-json\/wp\/v2\/users\/2"}],"replies":[{"embeddable":true,"href":"https:\/\/neutrale.al\/index.php\/wp-json\/wp\/v2\/comments?post=3361"}],"version-history":[{"count":1,"href":"https:\/\/neutrale.al\/index.php\/wp-json\/wp\/v2\/posts\/3361\/revisions"}],"predecessor-version":[{"id":3363,"href":"https:\/\/neutrale.al\/index.php\/wp-json\/wp\/v2\/posts\/3361\/revisions\/3363"}],"wp:featuredmedia":[{"embeddable":true,"href":"https:\/\/neutrale.al\/index.php\/wp-json\/wp\/v2\/media\/3362"}],"wp:attachment":[{"href":"https:\/\/neutrale.al\/index.php\/wp-json\/wp\/v2\/media?parent=3361"}],"wp:term":[{"taxonomy":"category","embeddable":true,"href":"https:\/\/neutrale.al\/index.php\/wp-json\/wp\/v2\/categories?post=3361"},{"taxonomy":"post_tag","embeddable":true,"href":"https:\/\/neutrale.al\/index.php\/wp-json\/wp\/v2\/tags?post=3361"}],"curies":[{"name":"wp","href":"https:\/\/api.w.org\/{rel}","templated":true}]}}