{"id":3358,"date":"2022-05-18T15:10:30","date_gmt":"2022-05-18T15:10:30","guid":{"rendered":"https:\/\/neutrale.al\/?p=3358"},"modified":"2022-05-18T15:10:30","modified_gmt":"2022-05-18T15:10:30","slug":"25-maj-dite-pushimi-ne-qarkun-tirane","status":"publish","type":"post","link":"https:\/\/neutrale.al\/index.php\/2022\/05\/18\/25-maj-dite-pushimi-ne-qarkun-tirane\/","title":{"rendered":"25 maj dit\u00eb pushimi n\u00eb Qarkun Tiran\u00eb"},"content":{"rendered":"<p>Data 25 maj \u00ebsht\u00eb dita kur n\u00eb Tiran\u00eb do t\u00eb luhet ndeshja Roma- Feyenoord<br \/>\nSot Qeveria mori vendimin q\u00eb dat\u00ebn 25 maj ta shpall\u00eb si dit\u00eb pushimi p\u00ebr t\u00eb gjith\u00eb institucionet publike q\u00eb jan\u00eb pjes\u00eb e qarkut t\u00eb Tiran\u00ebs, pra do jet\u00eb dit\u00eb pushimi p\u00ebr gjith\u00eb zyrtar\u00ebt publik\u00eb t\u00eb qarkut Tiran\u00eb\u201d <\/p>\n<p>\u201cKjo mas\u00eb merret ne vijim t\u00eb masave p\u00ebr t\u00eb<br \/>\nDeri tani kemi pritshm\u00ebri e interes nga gati 5-6 her\u00eb m\u00eb shum\u00eb njer\u00ebz p\u00ebr bileta se sa ka kapacitet stadiumi \u201cAir Albania\u201d. <\/p>\n<p>Po marrim masat q\u00eb t\u00eb jet\u00eb nj\u00eb dit\u00eb e organizuar n\u00eb m\u00ebnyr\u00eb sa m\u00eb shembullore, nj\u00eb nga eventet m\u00eb t\u00eb m\u00ebdha qe i ka ndodhur Shqiperise, sic \u00ebsht\u00eb finalja e konferenc\u00ebs s\u00eb Lig\u00ebs Evropiane ku ne presim q\u00eb t\u00eb kemi nj\u00eb fluks njer\u00ebzish q\u00eb do vijn\u00eb jo vet\u00ebm nga Italia dhe Hollanda.<br \/>\nK\u00ebshtu u shpreh Ministri \u00c7u\u00e7i<\/p>\n","protected":false},"excerpt":{"rendered":"<p>Data 25 maj \u00ebsht\u00eb dita kur n\u00eb Tiran\u00eb do t\u00eb luhet ndeshja Roma- Feyenoord Sot Qeveria mori vendimin q\u00eb dat\u00ebn 25 maj ta shpall\u00eb si dit\u00eb pushimi p\u00ebr t\u00eb gjith\u00eb institucionet publike q\u00eb jan\u00eb pjes\u00eb e qarkut t\u00eb Tiran\u00ebs, pra do jet\u00eb dit\u00eb pushimi p\u00ebr gjith\u00eb zyrtar\u00ebt publik\u00eb t\u00eb qarkut Tiran\u00eb\u201d \u201cKjo mas\u00eb merret ne [&hellip;]<\/p>\n","protected":false},"author":2,"featured_media":3359,"comment_status":"open","ping_status":"open","sticky":false,"template":"","format":"standard","meta":{"footnotes":""},"categories":[117,118],"tags":[27],"class_list":{"0":"post-3358","1":"post","2":"type-post","3":"status-publish","4":"format-standard","5":"has-post-thumbnail","7":"category-aktualitet","8":"category-kryesore","9":"tag-lajme"},"_links":{"self":[{"href":"https:\/\/neutrale.al\/index.php\/wp-json\/wp\/v2\/posts\/3358","targetHints":{"allow":["GET"]}}],"collection":[{"href":"https:\/\/neutrale.al\/index.php\/wp-json\/wp\/v2\/posts"}],"about":[{"href":"https:\/\/neutrale.al\/index.php\/wp-json\/wp\/v2\/types\/post"}],"author":[{"embeddable":true,"href":"https:\/\/neutrale.al\/index.php\/wp-json\/wp\/v2\/users\/2"}],"replies":[{"embeddable":true,"href":"https:\/\/neutrale.al\/index.php\/wp-json\/wp\/v2\/comments?post=3358"}],"version-history":[{"count":1,"href":"https:\/\/neutrale.al\/index.php\/wp-json\/wp\/v2\/posts\/3358\/revisions"}],"predecessor-version":[{"id":3360,"href":"https:\/\/neutrale.al\/index.php\/wp-json\/wp\/v2\/posts\/3358\/revisions\/3360"}],"wp:featuredmedia":[{"embeddable":true,"href":"https:\/\/neutrale.al\/index.php\/wp-json\/wp\/v2\/media\/3359"}],"wp:attachment":[{"href":"https:\/\/neutrale.al\/index.php\/wp-json\/wp\/v2\/media?parent=3358"}],"wp:term":[{"taxonomy":"category","embeddable":true,"href":"https:\/\/neutrale.al\/index.php\/wp-json\/wp\/v2\/categories?post=3358"},{"taxonomy":"post_tag","embeddable":true,"href":"https:\/\/neutrale.al\/index.php\/wp-json\/wp\/v2\/tags?post=3358"}],"curies":[{"name":"wp","href":"https:\/\/api.w.org\/{rel}","templated":true}]}}