{"id":3336,"date":"2022-05-18T10:09:48","date_gmt":"2022-05-18T10:09:48","guid":{"rendered":"https:\/\/neutrale.al\/?p=3336"},"modified":"2022-05-18T10:09:48","modified_gmt":"2022-05-18T10:09:48","slug":"arrestohet-i-riu-shantazhonte-nje-vajze-per-publikimin-e-videos-intime","status":"publish","type":"post","link":"https:\/\/neutrale.al\/index.php\/2022\/05\/18\/arrestohet-i-riu-shantazhonte-nje-vajze-per-publikimin-e-videos-intime\/","title":{"rendered":"Arrestohet i riu, shantazhonte nj\u00eb vajz\u00eb p\u00ebr publikimin e videos intime."},"content":{"rendered":"<p>Policia e Tiran\u00ebs ka v\u00ebn\u00eb n\u00eb pranga nj\u00eb 29-vje\u00e7ar nga Tirana. Ky i fundit i identifikuar si Eraldo Dervishi shantazhonte nj\u00eb 19-vje\u00e7are nga Brazili. Shqiptari k\u00ebrc\u00ebnonte brazilianen q\u00eb do t\u2019i publikonte videot intime n\u00ebse nuk i jepte para. Ka qen\u00eb vajza nga Brazili ajo e cila kreu kall\u00ebzimin n\u00eb polici pas shantazheve t\u00eb shumta q\u00eb i b\u00ebnte shqiptari. Pas operacionit &#8216;Extorntion&#8217;, \u00ebsht\u00eb b\u00ebr\u00eb e mundur kapja dhe arrestimi i 29-vje\u00e7arit. M\u00ebsohet se braziliania dhe 29-vje\u00e7ari shqiptar jan\u00eb njohur n\u00eb rrjete sociale dhe braziliania i \u00e7onte video intime. <\/p>\n<p>Njoftimi i policis\u00eb: <\/p>\n<p>Finalizohet operacioni policor i koduar &#8220;Extortion&#8221;, i zhvilluar nga Komisariati Nr. 6 Shantazhonte nj\u00eb shtetase, q\u00eb t\u2019i jepte shuma parash, p\u00ebr mospublikimin e disa videove, vihet n\u00eb pranga 29-vje\u00e7ari.Sekuestrohen nj\u00eb aparat celular dhe nj\u00eb pasaport\u00eb.Sh\u00ebrbimet e Komisariatit t\u00eb Policis\u00eb Nr. 6, n\u00eb vijim t\u00eb pun\u00ebs p\u00ebr parandalimin dhe goditjen e paligjshm\u00ebris\u00eb, pas kall\u00ebzimit t\u00eb marr\u00eb nga nj\u00eb shtetase 19 vje\u00e7e, nga Brazili, se nj\u00eb shtetas e shantazhonte p\u00ebr dh\u00ebnie pasurie, q\u00eb t\u00eb mos i publikonte nj\u00eb video, n\u00eb rrjetet sociale, menj\u00ebher\u00eb kan\u00eb vepruar duke identifikuar dhe arrestuar Dervishin.<\/p>\n","protected":false},"excerpt":{"rendered":"<p>Policia e Tiran\u00ebs ka v\u00ebn\u00eb n\u00eb pranga nj\u00eb 29-vje\u00e7ar nga Tirana. Ky i fundit i identifikuar si Eraldo Dervishi shantazhonte nj\u00eb 19-vje\u00e7are nga Brazili. Shqiptari k\u00ebrc\u00ebnonte brazilianen q\u00eb do t\u2019i publikonte videot intime n\u00ebse nuk i jepte para. Ka qen\u00eb vajza nga Brazili ajo e cila kreu kall\u00ebzimin n\u00eb polici pas shantazheve t\u00eb shumta q\u00eb [&hellip;]<\/p>\n","protected":false},"author":2,"featured_media":3337,"comment_status":"open","ping_status":"open","sticky":false,"template":"","format":"standard","meta":{"footnotes":""},"categories":[117,118],"tags":[27],"class_list":{"0":"post-3336","1":"post","2":"type-post","3":"status-publish","4":"format-standard","5":"has-post-thumbnail","7":"category-aktualitet","8":"category-kryesore","9":"tag-lajme"},"_links":{"self":[{"href":"https:\/\/neutrale.al\/index.php\/wp-json\/wp\/v2\/posts\/3336","targetHints":{"allow":["GET"]}}],"collection":[{"href":"https:\/\/neutrale.al\/index.php\/wp-json\/wp\/v2\/posts"}],"about":[{"href":"https:\/\/neutrale.al\/index.php\/wp-json\/wp\/v2\/types\/post"}],"author":[{"embeddable":true,"href":"https:\/\/neutrale.al\/index.php\/wp-json\/wp\/v2\/users\/2"}],"replies":[{"embeddable":true,"href":"https:\/\/neutrale.al\/index.php\/wp-json\/wp\/v2\/comments?post=3336"}],"version-history":[{"count":1,"href":"https:\/\/neutrale.al\/index.php\/wp-json\/wp\/v2\/posts\/3336\/revisions"}],"predecessor-version":[{"id":3338,"href":"https:\/\/neutrale.al\/index.php\/wp-json\/wp\/v2\/posts\/3336\/revisions\/3338"}],"wp:featuredmedia":[{"embeddable":true,"href":"https:\/\/neutrale.al\/index.php\/wp-json\/wp\/v2\/media\/3337"}],"wp:attachment":[{"href":"https:\/\/neutrale.al\/index.php\/wp-json\/wp\/v2\/media?parent=3336"}],"wp:term":[{"taxonomy":"category","embeddable":true,"href":"https:\/\/neutrale.al\/index.php\/wp-json\/wp\/v2\/categories?post=3336"},{"taxonomy":"post_tag","embeddable":true,"href":"https:\/\/neutrale.al\/index.php\/wp-json\/wp\/v2\/tags?post=3336"}],"curies":[{"name":"wp","href":"https:\/\/api.w.org\/{rel}","templated":true}]}}