{"id":3333,"date":"2022-05-18T10:05:11","date_gmt":"2022-05-18T10:05:11","guid":{"rendered":"https:\/\/neutrale.al\/?p=3333"},"modified":"2022-05-18T10:05:11","modified_gmt":"2022-05-18T10:05:11","slug":"roma-pergatitet-per-finalen-e-tiranes-mungon-mou","status":"publish","type":"post","link":"https:\/\/neutrale.al\/index.php\/2022\/05\/18\/roma-pergatitet-per-finalen-e-tiranes-mungon-mou\/","title":{"rendered":"Roma p\u00ebrgatitet p\u00ebr finalen e Tiran\u00ebs, mungon Mou"},"content":{"rendered":"<p>Pa Jose Mourinho dhe an\u00ebtar\u00eb t\u00eb tjer\u00eb t\u00eb stafit, lojtar\u00ebt e Rom\u00ebs vendos\u00ebn t\u00eb b\u00ebheshin t\u00eb gjith\u00eb bashk\u00eb, k\u00ebt\u00eb her\u00eb jo n\u00eb fush\u00ebn e loj\u00ebs, por n\u00eb zem\u00ebr t\u00eb qytetit, p\u00ebr t\u00eb darkuar. Klima dukej fantastike, lojtar\u00ebt t\u00eb gjith\u00eb t\u00eb qeshur, duke b\u00ebr\u00eb shaka nd\u00ebrmjet tyre, nj\u00eb gjetje kjo p\u00ebr t\u00eb larguar sado pak tensionin p\u00ebrpara dy sfidave t\u00eb fundit t\u00eb sezonit, dy finaleve, pasi Mourinho konsideron edhe sfid\u00ebn me Torinon si nj\u00eb finale.<\/p>\n<p>Kumbulla<br \/>\nP\u00ebrpara se t\u00eb zbresin n\u00eb fush\u00eb, p\u00ebr t\u00eb shkruar historin\u00eb, ku v\u00ebmendja \u00ebsht\u00eb n\u00eb Tiran\u00eb, m\u00eb 25 maj, lojtar\u00ebt zgjodh\u00ebn k\u00ebt\u00eb form\u00eb p\u00ebr t\u00eb folur m\u00eb lirsh\u00ebm me nj\u00ebri-tjetrin. Pjesa m\u00eb e madhe e tyre nuk kan\u00eb fituar kurr\u00eb n\u00eb karrier\u00eb qoft\u00eb dhe nj\u00eb trofe, p\u00ebr k\u00ebt\u00eb arsye, finalja n\u00eb \u201cAir Albania\u201d \u00ebsht\u00eb nj\u00eb takim me historin\u00eb.<\/p>\n<p>Spinazzola, i rikthyer me koh\u00eb t\u00eb plot\u00eb me grupin, ishte m\u00eb aktivi, duke folur shum\u00eb me shok\u00ebt e ekipit. Nuk mund t\u00eb mungonte kurrsesi dhe Marash Kumbulla, p\u00ebr qend\u00ebrmbrojt\u00ebsin kuqezi kjo \u00ebsht\u00eb nj\u00eb finale shum\u00eb e ve\u00e7ant\u00eb, ndeshja m\u00eb e r\u00ebnd\u00ebsishme n\u00eb karrier\u00ebn e tij.<\/p>\n","protected":false},"excerpt":{"rendered":"<p>Pa Jose Mourinho dhe an\u00ebtar\u00eb t\u00eb tjer\u00eb t\u00eb stafit, lojtar\u00ebt e Rom\u00ebs vendos\u00ebn t\u00eb b\u00ebheshin t\u00eb gjith\u00eb bashk\u00eb, k\u00ebt\u00eb her\u00eb jo n\u00eb fush\u00ebn e loj\u00ebs, por n\u00eb zem\u00ebr t\u00eb qytetit, p\u00ebr t\u00eb darkuar. Klima dukej fantastike, lojtar\u00ebt t\u00eb gjith\u00eb t\u00eb qeshur, duke b\u00ebr\u00eb shaka nd\u00ebrmjet tyre, nj\u00eb gjetje kjo p\u00ebr t\u00eb larguar sado pak tensionin [&hellip;]<\/p>\n","protected":false},"author":2,"featured_media":3334,"comment_status":"open","ping_status":"open","sticky":false,"template":"","format":"standard","meta":{"footnotes":""},"categories":[118,104],"tags":[27],"class_list":{"0":"post-3333","1":"post","2":"type-post","3":"status-publish","4":"format-standard","5":"has-post-thumbnail","7":"category-kryesore","8":"category-sport","9":"tag-lajme"},"_links":{"self":[{"href":"https:\/\/neutrale.al\/index.php\/wp-json\/wp\/v2\/posts\/3333","targetHints":{"allow":["GET"]}}],"collection":[{"href":"https:\/\/neutrale.al\/index.php\/wp-json\/wp\/v2\/posts"}],"about":[{"href":"https:\/\/neutrale.al\/index.php\/wp-json\/wp\/v2\/types\/post"}],"author":[{"embeddable":true,"href":"https:\/\/neutrale.al\/index.php\/wp-json\/wp\/v2\/users\/2"}],"replies":[{"embeddable":true,"href":"https:\/\/neutrale.al\/index.php\/wp-json\/wp\/v2\/comments?post=3333"}],"version-history":[{"count":1,"href":"https:\/\/neutrale.al\/index.php\/wp-json\/wp\/v2\/posts\/3333\/revisions"}],"predecessor-version":[{"id":3335,"href":"https:\/\/neutrale.al\/index.php\/wp-json\/wp\/v2\/posts\/3333\/revisions\/3335"}],"wp:featuredmedia":[{"embeddable":true,"href":"https:\/\/neutrale.al\/index.php\/wp-json\/wp\/v2\/media\/3334"}],"wp:attachment":[{"href":"https:\/\/neutrale.al\/index.php\/wp-json\/wp\/v2\/media?parent=3333"}],"wp:term":[{"taxonomy":"category","embeddable":true,"href":"https:\/\/neutrale.al\/index.php\/wp-json\/wp\/v2\/categories?post=3333"},{"taxonomy":"post_tag","embeddable":true,"href":"https:\/\/neutrale.al\/index.php\/wp-json\/wp\/v2\/tags?post=3333"}],"curies":[{"name":"wp","href":"https:\/\/api.w.org\/{rel}","templated":true}]}}