{"id":3309,"date":"2022-05-17T18:06:47","date_gmt":"2022-05-17T18:06:47","guid":{"rendered":"https:\/\/neutrale.al\/?p=3309"},"modified":"2022-05-17T18:14:54","modified_gmt":"2022-05-17T18:14:54","slug":"kryemadhi-reagon-ndaj-deklaratave","status":"publish","type":"post","link":"https:\/\/neutrale.al\/index.php\/2022\/05\/17\/kryemadhi-reagon-ndaj-deklaratave\/","title":{"rendered":"Kryemadhi reagon ndaj deklaratave te Ram\u00ebs"},"content":{"rendered":"<p>Kryetarja e LSI-s\u00eb Monika Kryemadhi ka reaguar me kritika ndaj kryeministrit Edi Rama.<\/p>\n<p>Nd\u00ebrsa e quan kryeminist\u00ebr i incenerator\u00ebve, Kryemadhi thot\u00eb se Rama po u b\u00ebn presion shqiptar\u00ebve duke i kujtuar rrogat dhe makinat e popullit t\u00eb thjesht\u00eb.<\/p>\n<p>Reagimi i plot\u00eb:  <\/p>\n<p>Kryeministri i incenerator\u00ebve u b\u00ebn presion shqiptar\u00ebve nga banaqet e televizioneve, duke i kujtuar rrogat dhe makinat e popullit t\u00eb thjesht\u00eb.<\/p>\n<p>Nd\u00ebrkoh\u00eb,<\/p>\n<p>AM Co &#038; Co me bashk\u00ebpronar Arben dhe Marika P\u00ebrlala, me paga nga 250 \u20ac, \u00ebsht\u00eb vet\u00ebm njera nga kompanit\u00eb e p\u00ebrdorura nga Klodian Zoto, p\u00ebr t\u00eb realizuar evazion fiskal duke fryr\u00eb kostot e punimeve t\u00eb koncesonit t\u00eb incenerator\u00ebve, si dhe p\u00ebr p\u00ebrvet\u00ebsimin e paligjsh\u00ebm t\u00eb TVSH. Vet\u00ebm kjo kompani me dy punoj\u00ebs ka faturuar skem\u00ebn e incenerator\u00ebve 9 milion\u00eb dollar\u00eb.<\/p>\n<p>A vepron ligji kur evazionin dhe krimin financiar e kryejn\u00eb njer\u00ebz t\u00eb strehuar n\u00ebn \u2018ombrell\u00ebn\u2019 e kryeministris\u00eb?<\/p>\n","protected":false},"excerpt":{"rendered":"<p>Kryetarja e LSI-s\u00eb Monika Kryemadhi ka reaguar me kritika ndaj kryeministrit Edi Rama. Nd\u00ebrsa e quan kryeminist\u00ebr i incenerator\u00ebve, Kryemadhi thot\u00eb se Rama po u b\u00ebn presion shqiptar\u00ebve duke i kujtuar rrogat dhe makinat e popullit t\u00eb thjesht\u00eb. Reagimi i plot\u00eb: Kryeministri i incenerator\u00ebve u b\u00ebn presion shqiptar\u00ebve nga banaqet e televizioneve, duke i kujtuar [&hellip;]<\/p>\n","protected":false},"author":2,"featured_media":3310,"comment_status":"open","ping_status":"open","sticky":false,"template":"","format":"standard","meta":{"footnotes":""},"categories":[118,9],"tags":[27],"class_list":{"0":"post-3309","1":"post","2":"type-post","3":"status-publish","4":"format-standard","5":"has-post-thumbnail","7":"category-kryesore","8":"category-politika","9":"tag-lajme"},"_links":{"self":[{"href":"https:\/\/neutrale.al\/index.php\/wp-json\/wp\/v2\/posts\/3309","targetHints":{"allow":["GET"]}}],"collection":[{"href":"https:\/\/neutrale.al\/index.php\/wp-json\/wp\/v2\/posts"}],"about":[{"href":"https:\/\/neutrale.al\/index.php\/wp-json\/wp\/v2\/types\/post"}],"author":[{"embeddable":true,"href":"https:\/\/neutrale.al\/index.php\/wp-json\/wp\/v2\/users\/2"}],"replies":[{"embeddable":true,"href":"https:\/\/neutrale.al\/index.php\/wp-json\/wp\/v2\/comments?post=3309"}],"version-history":[{"count":1,"href":"https:\/\/neutrale.al\/index.php\/wp-json\/wp\/v2\/posts\/3309\/revisions"}],"predecessor-version":[{"id":3311,"href":"https:\/\/neutrale.al\/index.php\/wp-json\/wp\/v2\/posts\/3309\/revisions\/3311"}],"wp:featuredmedia":[{"embeddable":true,"href":"https:\/\/neutrale.al\/index.php\/wp-json\/wp\/v2\/media\/3310"}],"wp:attachment":[{"href":"https:\/\/neutrale.al\/index.php\/wp-json\/wp\/v2\/media?parent=3309"}],"wp:term":[{"taxonomy":"category","embeddable":true,"href":"https:\/\/neutrale.al\/index.php\/wp-json\/wp\/v2\/categories?post=3309"},{"taxonomy":"post_tag","embeddable":true,"href":"https:\/\/neutrale.al\/index.php\/wp-json\/wp\/v2\/tags?post=3309"}],"curies":[{"name":"wp","href":"https:\/\/api.w.org\/{rel}","templated":true}]}}