{"id":3304,"date":"2022-05-17T16:54:01","date_gmt":"2022-05-17T16:54:01","guid":{"rendered":"https:\/\/neutrale.al\/?p=3304"},"modified":"2022-05-17T16:54:01","modified_gmt":"2022-05-17T16:54:01","slug":"odisea-e-pd-se","status":"publish","type":"post","link":"https:\/\/neutrale.al\/index.php\/2022\/05\/17\/odisea-e-pd-se\/","title":{"rendered":"Odisea e PD-s\u00eb"},"content":{"rendered":"<p>Sot, Gjykata e Apelit ka hedhur shortin dhe caktuar gjyqtar\u00ebt q\u00eb do t\u00eb ken\u00eb n\u00eb dor\u00eb fatin e ecuris\u00eb s\u00eb PD-s\u00eb pas ankimimit nga Enkelejd Alibeaj kund\u00ebr vendimit t\u00eb gjyqtarit Agron Zhukri p\u00ebr regjistrimin e statutit t\u00eb Komisionit t\u00eb Rithemelimit q\u00eb buroi nga Kuvendi i PD-s\u00eb n\u00eb 11 dhjetor.<br \/>\nIshte vendimi i Zhukrit i cili i hapi rrug\u00eb liderit historik t\u00eb PD Sali Berisha p\u00ebr t\u00eb vendosur &#8220;Komisionin e Rithemelimit&#8221; n\u00eb selin\u00eb e k\u00ebsaj partie.<br \/>\nPas hedhjes s\u00eb shortit doli emri i gjyqtar\u00ebve Elona Toro, Edlira Petri dhe Genti Shala, t\u00eb cil\u00ebt tashm\u00eb do t\u00eb ken\u00eb n\u00eb dor\u00eb nj\u00eb \u00e7\u00ebshtje t\u00eb nxeht\u00eb p\u00ebr t\u00eb p\u00ebrcaktuar se kush do t\u00eb njihet si drejtues i k\u00ebtij subjekti, Berisha me grupin e rithemelimit apo pala e Enkelejd Alibeaj.<br \/>\nN\u00eb \u00e7do vendimmarrje, duket se p\u00ebr partin\u00eb e par\u00eb postkomuniz\u00ebm, situata nuk do t\u00eb jet\u00eb e qet\u00eb<\/p>\n","protected":false},"excerpt":{"rendered":"<p>Sot, Gjykata e Apelit ka hedhur shortin dhe caktuar gjyqtar\u00ebt q\u00eb do t\u00eb ken\u00eb n\u00eb dor\u00eb fatin e ecuris\u00eb s\u00eb PD-s\u00eb pas ankimimit nga Enkelejd Alibeaj kund\u00ebr vendimit t\u00eb gjyqtarit Agron Zhukri p\u00ebr regjistrimin e statutit t\u00eb Komisionit t\u00eb Rithemelimit q\u00eb buroi nga Kuvendi i PD-s\u00eb n\u00eb 11 dhjetor. Ishte vendimi i Zhukrit i cili [&hellip;]<\/p>\n","protected":false},"author":2,"featured_media":3305,"comment_status":"open","ping_status":"open","sticky":false,"template":"","format":"standard","meta":{"footnotes":""},"categories":[118,9],"tags":[27],"class_list":{"0":"post-3304","1":"post","2":"type-post","3":"status-publish","4":"format-standard","5":"has-post-thumbnail","7":"category-kryesore","8":"category-politika","9":"tag-lajme"},"_links":{"self":[{"href":"https:\/\/neutrale.al\/index.php\/wp-json\/wp\/v2\/posts\/3304","targetHints":{"allow":["GET"]}}],"collection":[{"href":"https:\/\/neutrale.al\/index.php\/wp-json\/wp\/v2\/posts"}],"about":[{"href":"https:\/\/neutrale.al\/index.php\/wp-json\/wp\/v2\/types\/post"}],"author":[{"embeddable":true,"href":"https:\/\/neutrale.al\/index.php\/wp-json\/wp\/v2\/users\/2"}],"replies":[{"embeddable":true,"href":"https:\/\/neutrale.al\/index.php\/wp-json\/wp\/v2\/comments?post=3304"}],"version-history":[{"count":1,"href":"https:\/\/neutrale.al\/index.php\/wp-json\/wp\/v2\/posts\/3304\/revisions"}],"predecessor-version":[{"id":3306,"href":"https:\/\/neutrale.al\/index.php\/wp-json\/wp\/v2\/posts\/3304\/revisions\/3306"}],"wp:featuredmedia":[{"embeddable":true,"href":"https:\/\/neutrale.al\/index.php\/wp-json\/wp\/v2\/media\/3305"}],"wp:attachment":[{"href":"https:\/\/neutrale.al\/index.php\/wp-json\/wp\/v2\/media?parent=3304"}],"wp:term":[{"taxonomy":"category","embeddable":true,"href":"https:\/\/neutrale.al\/index.php\/wp-json\/wp\/v2\/categories?post=3304"},{"taxonomy":"post_tag","embeddable":true,"href":"https:\/\/neutrale.al\/index.php\/wp-json\/wp\/v2\/tags?post=3304"}],"curies":[{"name":"wp","href":"https:\/\/api.w.org\/{rel}","templated":true}]}}