{"id":3287,"date":"2022-05-17T16:33:37","date_gmt":"2022-05-17T16:33:37","guid":{"rendered":"https:\/\/neutrale.al\/?p=3287"},"modified":"2022-05-17T16:33:37","modified_gmt":"2022-05-17T16:33:37","slug":"namir-lapardhaja-shkaterrimi-i-teatrit-ose-kur-kendonin-gjelat-e-trete","status":"publish","type":"post","link":"https:\/\/neutrale.al\/index.php\/2022\/05\/17\/namir-lapardhaja-shkaterrimi-i-teatrit-ose-kur-kendonin-gjelat-e-trete\/","title":{"rendered":"Namir Lapardhaja.Shkat\u00ebrrimi i Teatrit, ose \u201cKur k\u00ebndonin gjelat e tret\u00eb\u201d"},"content":{"rendered":"<p>Monstruoziteti i prishjes s\u00eb Teatrit Komb\u00ebtar m\u00eb risolli n\u00eb kujtes\u00eb tregimin \u201cKur k\u00ebndonin gjelat e tret\u00eb\u201d t\u00eb Agron Tuf\u00ebs. K\u00ebnga e tyre simbolizon koh\u00ebn e gjumit m\u00eb t\u00eb thell\u00eb. Mes nat\u00ebs dhe ende pa zbardhur. Vrasjet dhe krimet diktatura i kryente n\u00eb k\u00ebt\u00eb moment.\u00a0 Nd\u00ebrkoh\u00eb q\u00eb t\u00eb gjith\u00eb flinin p\u00ebr t\u00eb l\u00ebn\u00eb diktatur\u00ebn t\u00eb lul\u00ebzoj\u00eb, disa \u201cgjela\u201d k\u00ebndojn\u00eb dhe kan\u00eb z\u00eb kund\u00ebr saj. N\u00eb tregim rr\u00ebfehet se toga e pushkatimit ka ardhur n\u00eb qeli p\u00ebr t\u00eb marr\u00eb e p\u00ebr t\u2019i \u00e7uar p\u00ebrpara ekzekutimit 12 t\u00eb d\u00ebnuar.\u00a0 Jan\u00eb t\u00eb pafajsh\u00ebm. Nuk kursehet asnj\u00eb. As prifti, q\u00eb nuk arrin as t\u00eb thot\u00eb amanetin e fundit, sepse plumbat jan\u00eb m\u00eb t\u00eb shpejt\u00eb se fjal\u00ebt. Xhelati e kap nga jaka dhe i thot\u00eb: \u201cS\u2019kam asgj\u00eb personale me ty, At. \u00cbsht\u00eb thjesht \u00e7\u00ebshtje detyre&#8230;\u201d Ata dje po b\u00ebnin detyr\u00ebn duke vrar\u00eb njer\u00ebz t\u00eb pafajsh\u00ebm, sot jan\u00eb duke b\u00ebr\u00eb t\u00eb nj\u00ebjt\u00ebn gj\u00eb duke shkat\u00ebrruar trash\u00ebgimin dhe identitetin ton\u00eb t\u00eb p\u00ebrbashk\u00ebt. Duket sikur jemi n\u00eb t\u00eb nj\u00ebjtat kushte. Koha ka kaluar, mend\u00ebsia jo. Nuk t\u00eb ekzekutojn\u00eb fizikisht n\u00eb fundin e nat\u00ebs, por t\u00eb vrasin n\u00eb m\u00ebnyra t\u00eb tjera. I gjith\u00eb vendi duket se ka r\u00ebn\u00eb n\u00ebn sundimin e nj\u00eb njeriu t\u00eb vet\u00ebm, i cili ka forc\u00ebn dhe mekanizmin p\u00ebr t\u00eb b\u00ebr\u00eb gjith\u00e7ka. Ngjash\u00ebm si n\u00eb tregim, t\u00eb ekzekutuarit e par\u00eb jan\u00eb q\u00ebndrestar\u00ebt e Teatrit, pastaj do t\u2019u vij\u00eb radha t\u00eb gjith\u00ebve. Pa dallim. Kujt m\u00eb shpejt e kujt m\u00eb von\u00eb. Por do t\u2019u vij\u00eb. At\u00ebher\u00eb do t\u00eb jet\u00eb tep\u00ebr von\u00eb. N\u00eb k\u00ebt\u00eb koh\u00eb nuk ka vler\u00eb t\u00eb k\u00ebrkosh llogari tek opozita. Do t\u00eb ishte miopi nj\u00eb gj\u00eb e till\u00eb. Mos pyet se \u00e7far\u00eb po b\u00ebn ajo, por b\u00ebj vet\u00eb di\u00e7ka konkrete, q\u00eb t\u2019ia shkurtosh dit\u00ebt k\u00ebtij regjimi. Opozita do t\u00eb jap\u00eb llogari p\u00ebr fjal\u00ebt dhe premtimet e saj kur t\u00eb jet\u00eb n\u00eb pushtet. Sot duhet t\u00eb jap\u00eb llogari pushteti dhe duhet b\u00ebr\u00eb gjith\u00e7ka p\u00ebr t\u00eb dal\u00eb n\u00eb opozit\u00eb. Rezistenca p\u00ebr teatrin kishte vler\u00ebn e nj\u00eb simbolike. Lufta dhe q\u00ebndresa nuk mund dhe nuk duhet t\u00eb mbarojn\u00eb me kaq. \u00cbsht\u00eb nj\u00eb betej\u00eb q\u00eb do t\u00eb sh\u00ebnjoj\u00eb se si do t\u00eb jen\u00eb agimet tona t\u00eb ardhshme. Do jen\u00eb t\u00eb vuvta, me damk\u00ebn e vrasjeve dhe ekzekutimeve gjat\u00eb nat\u00ebs, apo do t\u00eb jen\u00eb me shenjat e qet\u00ebsis\u00eb s\u00eb sabahut. Gjithsekush do ta vendos\u00eb vet\u00eb p\u00ebr t\u00eb ardhmen. Justifikim nuk mund t\u00eb ket\u00eb. Kjo qeverisje po tregon se \u00ebsht\u00eb e aft\u00eb t\u00eb b\u00ebj\u00eb gjith\u00e7ka. Nuk do t\u00eb jet\u00eb e larg\u00ebt dita q\u00eb ata do t\u00eb tentojn\u00eb t\u00eb futen n\u00eb sht\u00ebpit\u00eb tona. N\u00ebse nuk reagohet sot, at\u00ebher\u00eb do t\u00eb jet\u00eb shum\u00eb von\u00eb.<\/p>\n","protected":false},"excerpt":{"rendered":"<p>Monstruoziteti i prishjes s\u00eb Teatrit Komb\u00ebtar m\u00eb risolli n\u00eb kujtes\u00eb tregimin \u201cKur k\u00ebndonin gjelat e tret\u00eb\u201d t\u00eb Agron Tuf\u00ebs. K\u00ebnga e tyre simbolizon koh\u00ebn e gjumit m\u00eb t\u00eb thell\u00eb. Mes nat\u00ebs dhe ende pa zbardhur. Vrasjet dhe krimet diktatura i kryente n\u00eb k\u00ebt\u00eb moment.\u00a0 Nd\u00ebrkoh\u00eb q\u00eb t\u00eb gjith\u00eb flinin p\u00ebr t\u00eb l\u00ebn\u00eb diktatur\u00ebn t\u00eb lul\u00ebzoj\u00eb, [&hellip;]<\/p>\n","protected":false},"author":2,"featured_media":3288,"comment_status":"open","ping_status":"open","sticky":false,"template":"","format":"standard","meta":{"footnotes":""},"categories":[114],"tags":[],"class_list":{"0":"post-3287","1":"post","2":"type-post","3":"status-publish","4":"format-standard","5":"has-post-thumbnail","7":"category-editorial"},"_links":{"self":[{"href":"https:\/\/neutrale.al\/index.php\/wp-json\/wp\/v2\/posts\/3287","targetHints":{"allow":["GET"]}}],"collection":[{"href":"https:\/\/neutrale.al\/index.php\/wp-json\/wp\/v2\/posts"}],"about":[{"href":"https:\/\/neutrale.al\/index.php\/wp-json\/wp\/v2\/types\/post"}],"author":[{"embeddable":true,"href":"https:\/\/neutrale.al\/index.php\/wp-json\/wp\/v2\/users\/2"}],"replies":[{"embeddable":true,"href":"https:\/\/neutrale.al\/index.php\/wp-json\/wp\/v2\/comments?post=3287"}],"version-history":[{"count":1,"href":"https:\/\/neutrale.al\/index.php\/wp-json\/wp\/v2\/posts\/3287\/revisions"}],"predecessor-version":[{"id":3289,"href":"https:\/\/neutrale.al\/index.php\/wp-json\/wp\/v2\/posts\/3287\/revisions\/3289"}],"wp:featuredmedia":[{"embeddable":true,"href":"https:\/\/neutrale.al\/index.php\/wp-json\/wp\/v2\/media\/3288"}],"wp:attachment":[{"href":"https:\/\/neutrale.al\/index.php\/wp-json\/wp\/v2\/media?parent=3287"}],"wp:term":[{"taxonomy":"category","embeddable":true,"href":"https:\/\/neutrale.al\/index.php\/wp-json\/wp\/v2\/categories?post=3287"},{"taxonomy":"post_tag","embeddable":true,"href":"https:\/\/neutrale.al\/index.php\/wp-json\/wp\/v2\/tags?post=3287"}],"curies":[{"name":"wp","href":"https:\/\/api.w.org\/{rel}","templated":true}]}}