{"id":3282,"date":"2022-05-17T16:03:09","date_gmt":"2022-05-17T16:03:09","guid":{"rendered":"https:\/\/neutrale.al\/?p=3282"},"modified":"2022-05-17T16:03:09","modified_gmt":"2022-05-17T16:03:09","slug":"analize-nga-xhelal-mziu-deputet-ekonomist","status":"publish","type":"post","link":"https:\/\/neutrale.al\/index.php\/2022\/05\/17\/analize-nga-xhelal-mziu-deputet-ekonomist\/","title":{"rendered":"Analiz\u00eb nga Xhelal Mziu ( deputet, ekonomist)"},"content":{"rendered":"<p>\u00c7far\u00eb po ndodh me ekonomin\u00eb shqiptare ?<\/p>\n<p>\ud83d\udfe6 Eksportet u rriten 49% p\u00ebr janar-prill 2022, por thellohet deficiti tregtar, sepse importet u rrit\u00ebn m\u00eb shum\u00eb !!<\/p>\n<p>Shqip\u00ebria p\u00ebr shkak t\u00eb keqmenaxhimit t\u00eb politik\u00ebs fiskale dhe mos\u00a0 zhvillimit t\u00eb industris\u00eb s\u00eb prodhimit, teknologjis\u00eb dhe IT na rendit nd\u00ebr vendet e fundit n\u00eb bot\u00eb!<\/p>\n<p>\ud83d\udd39\ufe0f\ud83d\udd39\ufe0fN\u00eb k\u00ebt\u00eb kat\u00ebrmujor eksportet e mallrave arrit\u00ebn vler\u00ebn 162 mld lek\u00eb, ose 49 %.<\/p>\n<p>Grupet q\u00eb kan\u00eb ndikuar pozitivisht n\u00eb rritjen vjetore t\u00eb eksporteve, jan\u00eb:<br \/>\n\ud83d\udccc\u201cMinerale, l\u00ebnd\u00eb djeg\u00ebse e energji elektrike\u201d me +16,0 pik\u00eb p\u00ebrqindje,<br \/>\n\ud83d\udccc\u201cMateriale nd\u00ebrtimi dhe metale\u201d me +14,7 pik\u00eb p\u00ebrqindje,<br \/>\n\ud83d\udccc\u201cTekstile e k\u00ebpuc\u00eb\u201d me +7,8 pik\u00eb p\u00ebrqindje.<\/p>\n<p>\ud83d\udcccEksportuesit pohojn\u00eb se n\u00eb sasi ndryshimi nuk \u00ebsht\u00eb i madh, por diferenc\u00ebn e b\u00ebn rritja e lart\u00eb e \u00e7mimeve.<\/p>\n<p>\ud83d\udd39\ufe0f\ud83d\udd39\ufe0fImportet e larta thellojn\u00eb deficitin<\/p>\n<p>\ud83d\udcccN\u00eb k\u00ebt\u00eb kat\u00ebrmujor importet e mallrave arrit\u00ebn vler\u00ebn 285 mld lek\u00eb, duke u rritur me 27%, krahasuar me nj\u00eb vit m\u00eb par\u00eb.<\/p>\n<p>\ud83d\udcccDeficiti tregtar arriti vler\u00ebn 123 mld lek\u00eb, duke u rritur me 6%, krahasuar me t\u00eb nj\u00ebjt\u00ebn periudh\u00eb t\u00eb 2021.<\/p>\n<p>\ud83d\udd39\ufe0f\ud83d\udd39\ufe0fEcuria e tregtis\u00eb s\u00eb mallrave sipas vendeve partnere<\/p>\n<p>\ud83d\udcccGjat\u00eb k\u00ebtij kat\u00ebrmujori vendet me t\u00eb cil\u00ebt Shqip\u00ebria ka pasur rritje m\u00eb t\u00eb madhe t\u00eb eksporteve, n\u00eb krahasim me nj\u00eb vit m\u00eb par\u00eb, jan\u00eb: Italia (58%), Gjermania (116%), Kosova (30%)!<\/p>\n<p>\ud83d\udcccNd\u00ebrsa vendet me t\u00eb cilat eksportet kan\u00eb pasur uljen m\u00eb t\u00eb madhe, jan\u00eb:<br \/>\nSpanja (70%) dhe Turqia (2%)!<\/p>\n<p>Shqip\u00ebria n\u00eb dallim nga t\u00eb gjitha vendet e rajonit dhe t\u00eb evrop\u00ebs vjen duke e thelluar deficitin treg\u00ebtar, sepse importojm\u00eb gjithnj\u00eb e m\u00eb shum\u00eb, sepse qeveria rilindase nuk p\u00ebrdor\u00eb politik\u00ebn intelegjente (t\u00eb stimulimit dhe subvencionimit nga qeveria), t\u00eb zhvillimit t\u00eb industris\u00eb prodhuese, t\u00eb rritjes s\u00eb teknologjis\u00eb s\u00eb prodhimit dhe t\u00eb teknologjis\u00eb s\u00eb informacionit IT!<\/p>\n<p><img loading=\"lazy\" loading=\"lazy\" decoding=\"async\" class=\"alignnone size-medium wp-image-3283\" src=\"https:\/\/neutrale.al\/wp-content\/uploads\/2022\/05\/5500E8A6-BD09-4D01-8E88-E8E2544F25C5-300x173.jpeg\" alt=\"\" width=\"300\" height=\"173\" srcset=\"https:\/\/neutrale.al\/wp-content\/uploads\/2022\/05\/5500E8A6-BD09-4D01-8E88-E8E2544F25C5-300x173.jpeg 300w, https:\/\/neutrale.al\/wp-content\/uploads\/2022\/05\/5500E8A6-BD09-4D01-8E88-E8E2544F25C5-768x444.jpeg 768w, https:\/\/neutrale.al\/wp-content\/uploads\/2022\/05\/5500E8A6-BD09-4D01-8E88-E8E2544F25C5-860x497.jpeg 860w, https:\/\/neutrale.al\/wp-content\/uploads\/2022\/05\/5500E8A6-BD09-4D01-8E88-E8E2544F25C5.jpeg 960w\" sizes=\"auto, (max-width: 300px) 100vw, 300px\" \/><\/p>\n<p><img loading=\"lazy\" loading=\"lazy\" decoding=\"async\" class=\"alignnone size-medium wp-image-3284\" src=\"https:\/\/neutrale.al\/wp-content\/uploads\/2022\/05\/27B03E10-CFAE-47A7-B0AA-E1A07F6FD751-300x143.jpeg\" alt=\"\" width=\"300\" height=\"143\" srcset=\"https:\/\/neutrale.al\/wp-content\/uploads\/2022\/05\/27B03E10-CFAE-47A7-B0AA-E1A07F6FD751-300x143.jpeg 300w, https:\/\/neutrale.al\/wp-content\/uploads\/2022\/05\/27B03E10-CFAE-47A7-B0AA-E1A07F6FD751-1024x490.jpeg 1024w, https:\/\/neutrale.al\/wp-content\/uploads\/2022\/05\/27B03E10-CFAE-47A7-B0AA-E1A07F6FD751-768x367.jpeg 768w, https:\/\/neutrale.al\/wp-content\/uploads\/2022\/05\/27B03E10-CFAE-47A7-B0AA-E1A07F6FD751-860x411.jpeg 860w, https:\/\/neutrale.al\/wp-content\/uploads\/2022\/05\/27B03E10-CFAE-47A7-B0AA-E1A07F6FD751.jpeg 1027w\" sizes=\"auto, (max-width: 300px) 100vw, 300px\" \/><\/p>\n","protected":false},"excerpt":{"rendered":"<p>\u00c7far\u00eb po ndodh me ekonomin\u00eb shqiptare ? \ud83d\udfe6 Eksportet u rriten 49% p\u00ebr janar-prill 2022, por thellohet deficiti tregtar, sepse importet u rrit\u00ebn m\u00eb shum\u00eb !! Shqip\u00ebria p\u00ebr shkak t\u00eb keqmenaxhimit t\u00eb politik\u00ebs fiskale dhe mos\u00a0 zhvillimit t\u00eb industris\u00eb s\u00eb prodhimit, teknologjis\u00eb dhe IT na rendit nd\u00ebr vendet e fundit n\u00eb bot\u00eb! \ud83d\udd39\ufe0f\ud83d\udd39\ufe0fN\u00eb k\u00ebt\u00eb kat\u00ebrmujor [&hellip;]<\/p>\n","protected":false},"author":2,"featured_media":3285,"comment_status":"open","ping_status":"open","sticky":false,"template":"","format":"standard","meta":{"footnotes":""},"categories":[10,118,9],"tags":[27],"class_list":{"0":"post-3282","1":"post","2":"type-post","3":"status-publish","4":"format-standard","5":"has-post-thumbnail","7":"category-ekonomia","8":"category-kryesore","9":"category-politika","10":"tag-lajme"},"_links":{"self":[{"href":"https:\/\/neutrale.al\/index.php\/wp-json\/wp\/v2\/posts\/3282","targetHints":{"allow":["GET"]}}],"collection":[{"href":"https:\/\/neutrale.al\/index.php\/wp-json\/wp\/v2\/posts"}],"about":[{"href":"https:\/\/neutrale.al\/index.php\/wp-json\/wp\/v2\/types\/post"}],"author":[{"embeddable":true,"href":"https:\/\/neutrale.al\/index.php\/wp-json\/wp\/v2\/users\/2"}],"replies":[{"embeddable":true,"href":"https:\/\/neutrale.al\/index.php\/wp-json\/wp\/v2\/comments?post=3282"}],"version-history":[{"count":1,"href":"https:\/\/neutrale.al\/index.php\/wp-json\/wp\/v2\/posts\/3282\/revisions"}],"predecessor-version":[{"id":3286,"href":"https:\/\/neutrale.al\/index.php\/wp-json\/wp\/v2\/posts\/3282\/revisions\/3286"}],"wp:featuredmedia":[{"embeddable":true,"href":"https:\/\/neutrale.al\/index.php\/wp-json\/wp\/v2\/media\/3285"}],"wp:attachment":[{"href":"https:\/\/neutrale.al\/index.php\/wp-json\/wp\/v2\/media?parent=3282"}],"wp:term":[{"taxonomy":"category","embeddable":true,"href":"https:\/\/neutrale.al\/index.php\/wp-json\/wp\/v2\/categories?post=3282"},{"taxonomy":"post_tag","embeddable":true,"href":"https:\/\/neutrale.al\/index.php\/wp-json\/wp\/v2\/tags?post=3282"}],"curies":[{"name":"wp","href":"https:\/\/api.w.org\/{rel}","templated":true}]}}