{"id":3273,"date":"2022-05-17T14:57:48","date_gmt":"2022-05-17T14:57:48","guid":{"rendered":"https:\/\/neutrale.al\/?p=3273"},"modified":"2022-05-17T14:57:48","modified_gmt":"2022-05-17T14:57:48","slug":"mbas-me-shume-se-50-vjet-kongresi-amerikan-do-te-zhvilloje-nje-seance-publike-per-ufo-t","status":"publish","type":"post","link":"https:\/\/neutrale.al\/index.php\/2022\/05\/17\/mbas-me-shume-se-50-vjet-kongresi-amerikan-do-te-zhvilloje-nje-seance-publike-per-ufo-t\/","title":{"rendered":"Mbas m\u00eb shum\u00eb se 50 vjet Kongresi Amerikan do t\u00eb zhvilloj\u00eb nj\u00eb seanc\u00eb publike p\u00ebr UFO-t."},"content":{"rendered":"<p>D\u00ebshmia e shum\u00ebpritur nga dy zyrtar\u00eb t\u00eb lart\u00eb ushtarak\u00eb t\u00eb ngarkuar me hetimin e pamjeve do t\u00eb shikohet nga af\u00ebr pas dekadash fsheht\u00ebsie.<br \/>\nDy zyrtar\u00ebt q\u00eb d\u00ebshmojn\u00eb jan\u00eb Ronald Moultrie \u2013 zyrtari m\u00eb i lart\u00eb i inteligjenc\u00ebs s\u00eb Pentagonit \u2013 dhe Scott Bray, z\u00ebvend\u00ebsdrejtori i inteligjenc\u00ebs detare. <\/p>\n<p>Zyrtar\u00ebt do t\u00eb p\u00ebrshkruajn\u00eb p\u00ebrpjekjet e SHBA p\u00ebr t\u00eb hetuar Fenomenet Ajrore t\u00eb Pashpjegueshme (UAP) \u2013 termi i qeveris\u00eb p\u00ebr UFO-t \u2013 n\u00eb nj\u00eb seanc\u00eb d\u00ebgjimore publike.<br \/>\n\u201cPopulli amerikan pret dhe meriton q\u00eb udh\u00ebheq\u00ebsit e tyre n\u00eb qeveri dhe inteligjenc\u00eb t\u00eb vler\u00ebsojn\u00eb seriozisht dhe t\u2019i p\u00ebrgjigjen \u00e7do rreziku t\u00eb mundsh\u00ebm t\u00eb siguris\u00eb komb\u00ebtare \u2013 ve\u00e7an\u00ebrisht atyre q\u00eb s&#8217;i shpjegojn\u00eb dot&#8221;- u shpreh nj\u00eb zyrtar i lart\u00eb<\/p>\n","protected":false},"excerpt":{"rendered":"<p>D\u00ebshmia e shum\u00ebpritur nga dy zyrtar\u00eb t\u00eb lart\u00eb ushtarak\u00eb t\u00eb ngarkuar me hetimin e pamjeve do t\u00eb shikohet nga af\u00ebr pas dekadash fsheht\u00ebsie. Dy zyrtar\u00ebt q\u00eb d\u00ebshmojn\u00eb jan\u00eb Ronald Moultrie \u2013 zyrtari m\u00eb i lart\u00eb i inteligjenc\u00ebs s\u00eb Pentagonit \u2013 dhe Scott Bray, z\u00ebvend\u00ebsdrejtori i inteligjenc\u00ebs detare. Zyrtar\u00ebt do t\u00eb p\u00ebrshkruajn\u00eb p\u00ebrpjekjet e SHBA p\u00ebr [&hellip;]<\/p>\n","protected":false},"author":2,"featured_media":3274,"comment_status":"open","ping_status":"open","sticky":false,"template":"","format":"standard","meta":{"footnotes":""},"categories":[12,118,107],"tags":[27],"class_list":{"0":"post-3273","1":"post","2":"type-post","3":"status-publish","4":"format-standard","5":"has-post-thumbnail","7":"category-bota","8":"category-kryesore","9":"category-kuriozitete","10":"tag-lajme"},"_links":{"self":[{"href":"https:\/\/neutrale.al\/index.php\/wp-json\/wp\/v2\/posts\/3273","targetHints":{"allow":["GET"]}}],"collection":[{"href":"https:\/\/neutrale.al\/index.php\/wp-json\/wp\/v2\/posts"}],"about":[{"href":"https:\/\/neutrale.al\/index.php\/wp-json\/wp\/v2\/types\/post"}],"author":[{"embeddable":true,"href":"https:\/\/neutrale.al\/index.php\/wp-json\/wp\/v2\/users\/2"}],"replies":[{"embeddable":true,"href":"https:\/\/neutrale.al\/index.php\/wp-json\/wp\/v2\/comments?post=3273"}],"version-history":[{"count":1,"href":"https:\/\/neutrale.al\/index.php\/wp-json\/wp\/v2\/posts\/3273\/revisions"}],"predecessor-version":[{"id":3275,"href":"https:\/\/neutrale.al\/index.php\/wp-json\/wp\/v2\/posts\/3273\/revisions\/3275"}],"wp:featuredmedia":[{"embeddable":true,"href":"https:\/\/neutrale.al\/index.php\/wp-json\/wp\/v2\/media\/3274"}],"wp:attachment":[{"href":"https:\/\/neutrale.al\/index.php\/wp-json\/wp\/v2\/media?parent=3273"}],"wp:term":[{"taxonomy":"category","embeddable":true,"href":"https:\/\/neutrale.al\/index.php\/wp-json\/wp\/v2\/categories?post=3273"},{"taxonomy":"post_tag","embeddable":true,"href":"https:\/\/neutrale.al\/index.php\/wp-json\/wp\/v2\/tags?post=3273"}],"curies":[{"name":"wp","href":"https:\/\/api.w.org\/{rel}","templated":true}]}}