{"id":3261,"date":"2022-05-17T08:29:39","date_gmt":"2022-05-17T08:29:39","guid":{"rendered":"https:\/\/neutrale.al\/?p=3261"},"modified":"2022-05-17T08:29:39","modified_gmt":"2022-05-17T08:29:39","slug":"suedia-ploteson-aplikimin-per-anetaresim-ne-nato-ministrja-e-jashtme-do-te-dorezohet-brenda-javes-bashke-me-finlanden","status":"publish","type":"post","link":"https:\/\/neutrale.al\/index.php\/2022\/05\/17\/suedia-ploteson-aplikimin-per-anetaresim-ne-nato-ministrja-e-jashtme-do-te-dorezohet-brenda-javes-bashke-me-finlanden\/","title":{"rendered":"Suedia ploteson aplikimin p\u00ebr an\u00ebtar\u00ebsim n\u00eb NATO\/ Ministrja e Jashtme: Do t\u00eb dor\u00ebzohet brenda jav\u00ebs bashk\u00eb me Finland\u00ebn"},"content":{"rendered":"<p>Ministrja e Jashtme e Suedis\u00eb Ann Linde n\u00ebnshkroi m\u00ebngjesin e sot\u00ebm nj\u00eb aplikim q\u00eb deklaronte se vendi d\u00ebshiron t\u00eb an\u00ebtar\u00ebsohet n\u00eb NATO.<\/p>\n<p>Ky veprim sh\u00ebnon nj\u00eb hap zyrtar t\u00eb Stokholmit drejt bashkimit me aleanc\u00ebn ushtarake t\u00eb udh\u00ebhequr nga SHBA, duke i dh\u00ebn\u00eb fund dekadave t\u00eb neutralitetit ushtarak, pasi pushtimi rus i Ukrain\u00ebs ndezi nj\u00eb evolucion dramatik n\u00eb sigurin\u00eb dhe gjeopolitik\u00ebn evropiane.<\/p>\n<p>\u201c\u00cbsht\u00eb nj\u00eb shum\u00eb e madhe, shum\u00eb serioze dhe duket sikur kemi arritur n\u00eb nj\u00eb p\u00ebrfundim q\u00eb \u00ebsht\u00eb m\u00eb i miri p\u00ebr Suedin\u00eb. Ne nuk e dim\u00eb se sa koh\u00eb do t\u00eb zgjas\u00eb, por llogarisim se mund t\u00eb zgjas\u00eb deri n\u00eb nj\u00eb vit. Tani k\u00ebt\u00eb jav\u00eb, ky aplikim do t\u00eb dor\u00ebzohet, s\u00eb bashku me Finland\u00ebn, brenda nj\u00eb dite apo m\u00eb shum\u00eb, dhe m\u00eb pas do t\u00eb b\u00ebhet t\u00eb p\u00ebrpunuara nga NATO\u201d, tha Linde.<\/p>\n<p>Kujtojm\u00eb se Kryeministrja e Suedis\u00eb Magdalena Andersson tha dit\u00ebn e djeshme se vendi duhet t\u2019i bashkohet NATO-s s\u00eb bashku me Finland\u00ebn fqinje p\u00ebr t\u00eb garantuar sigurin\u00eb e popullit suedez.<\/p>\n<p>Presidenti rus Vladimir Putin tha se hyrja e dy vendeve nordike n\u00eb NATO nuk do t\u00eb krijoj\u00eb nj\u00eb k\u00ebrc\u00ebnim p\u00ebr Rusin\u00eb, por zgjerimi ushtarak n\u00eb territor me siguri do t\u00eb shkaktoj\u00eb p\u00ebrgjigjen ton\u00eb<\/p>\n","protected":false},"excerpt":{"rendered":"<p>Ministrja e Jashtme e Suedis\u00eb Ann Linde n\u00ebnshkroi m\u00ebngjesin e sot\u00ebm nj\u00eb aplikim q\u00eb deklaronte se vendi d\u00ebshiron t\u00eb an\u00ebtar\u00ebsohet n\u00eb NATO. Ky veprim sh\u00ebnon nj\u00eb hap zyrtar t\u00eb Stokholmit drejt bashkimit me aleanc\u00ebn ushtarake t\u00eb udh\u00ebhequr nga SHBA, duke i dh\u00ebn\u00eb fund dekadave t\u00eb neutralitetit ushtarak, pasi pushtimi rus i Ukrain\u00ebs ndezi nj\u00eb evolucion [&hellip;]<\/p>\n","protected":false},"author":2,"featured_media":3262,"comment_status":"open","ping_status":"open","sticky":false,"template":"","format":"standard","meta":{"footnotes":""},"categories":[12,118],"tags":[27],"class_list":{"0":"post-3261","1":"post","2":"type-post","3":"status-publish","4":"format-standard","5":"has-post-thumbnail","7":"category-bota","8":"category-kryesore","9":"tag-lajme"},"_links":{"self":[{"href":"https:\/\/neutrale.al\/index.php\/wp-json\/wp\/v2\/posts\/3261","targetHints":{"allow":["GET"]}}],"collection":[{"href":"https:\/\/neutrale.al\/index.php\/wp-json\/wp\/v2\/posts"}],"about":[{"href":"https:\/\/neutrale.al\/index.php\/wp-json\/wp\/v2\/types\/post"}],"author":[{"embeddable":true,"href":"https:\/\/neutrale.al\/index.php\/wp-json\/wp\/v2\/users\/2"}],"replies":[{"embeddable":true,"href":"https:\/\/neutrale.al\/index.php\/wp-json\/wp\/v2\/comments?post=3261"}],"version-history":[{"count":1,"href":"https:\/\/neutrale.al\/index.php\/wp-json\/wp\/v2\/posts\/3261\/revisions"}],"predecessor-version":[{"id":3263,"href":"https:\/\/neutrale.al\/index.php\/wp-json\/wp\/v2\/posts\/3261\/revisions\/3263"}],"wp:featuredmedia":[{"embeddable":true,"href":"https:\/\/neutrale.al\/index.php\/wp-json\/wp\/v2\/media\/3262"}],"wp:attachment":[{"href":"https:\/\/neutrale.al\/index.php\/wp-json\/wp\/v2\/media?parent=3261"}],"wp:term":[{"taxonomy":"category","embeddable":true,"href":"https:\/\/neutrale.al\/index.php\/wp-json\/wp\/v2\/categories?post=3261"},{"taxonomy":"post_tag","embeddable":true,"href":"https:\/\/neutrale.al\/index.php\/wp-json\/wp\/v2\/tags?post=3261"}],"curies":[{"name":"wp","href":"https:\/\/api.w.org\/{rel}","templated":true}]}}