{"id":3252,"date":"2022-05-17T08:17:19","date_gmt":"2022-05-17T08:17:19","guid":{"rendered":"https:\/\/neutrale.al\/?p=3252"},"modified":"2022-05-17T08:17:19","modified_gmt":"2022-05-17T08:17:19","slug":"ilir-levonja-shuhet-ikona-e-patriotizmit-dhe-gazetarise-dalip-greca","status":"publish","type":"post","link":"https:\/\/neutrale.al\/index.php\/2022\/05\/17\/ilir-levonja-shuhet-ikona-e-patriotizmit-dhe-gazetarise-dalip-greca\/","title":{"rendered":"Ilir Levonja. Shuhet ikona e patriotizmit dhe gazetaris\u00eb Dalip Greca"},"content":{"rendered":"<p>Me memorien time ka ecur paralel edhe emri i Dalip Grec\u00ebs. Duhet t\u00eb ket\u00eb q\u00ebn\u00eb viti 1988 kur kam trokitur p\u00ebr her\u00eb t\u00eb par\u00eb n\u00eb zyrat e gazet\u00ebs lokale t\u00eb qytetit. Ajo ishte nj\u00eb godin\u00eb e re trikat\u00ebshe ku punonte nj\u00eb staf cil\u00ebsor redaktor\u00ebsh e gazetar\u00ebsh. Aty dilte gazeta Shk\u00ebndija. Aty ka nisur edhe fjala ime, aty ishte Dalipi. M\u00eb von\u00eb me ndryshimet e m\u00ebdha demokratike, u takuam rishtas tek Ora e Fjal\u00ebs, gazet\u00eb q\u00eb luajti nj\u00eb rol t\u00eb gjer\u00eb p\u00ebr qytetin. E m\u00eb pas tek Republika n\u00eb Tiran\u00eb, ku p\u00ebr vite me radh\u00eb tham\u00eb fjal\u00ebn ton\u00eb n\u00eb lidhje me demokracin\u00eb e brisht\u00eb shqiptare. M\u00eb von\u00eb rrug\u00ebtuam rishtas tek gazeta Ilyria e shqiptar\u00ebve n\u00eb New York. M\u00eb tutje e deri k\u00ebsaj mbr\u00ebmje tek gazeta Dielli po e shqiptar\u00ebve t\u00eb Amerik\u00ebs s\u00eb madhe, Vatra. Nga i gjith\u00eb ky rrug\u00ebtim kam kuptuar se nuk ka fat m\u00eb t\u00eb madh p\u00ebr at\u00eb q\u00eb militon t\u00eb b\u00ebhet gazetar, ku n\u00eb faqe t\u00eb t\u00ebra mbruhet deri ekzistenca komb\u00ebtare, se sa r\u00ebnd\u00ebsi ka q\u00ebnia pjes\u00eb i nj\u00eb shkolle me bashkoh\u00ebs t\u00eb till\u00eb. K\u00ebsisoj me shiun e ngjizur t\u00eb Lushnjes sime, nga dera e asaj redaksie, nj\u00eb fat darsian i parapriu mendimit tim eseistik. Sa gati m\u00eb duket e pakonceptueshme sikur nes\u00ebr t\u00eb shkoj e t\u00eb shtyj der\u00ebn e New York Times e t\u00eb mos gjej aty djalin e Darsis\u00eb, lushnjarin tim, Dalipin. Nj\u00eb nga kolmunist\u00ebt m\u00eb cil\u00ebsor\u00eb duke i dh\u00ebn\u00eb galeris\u00eb s\u00eb shkoll\u00ebs lushnjare p\u00ebrmasa komb\u00ebtare. Kur them komb\u00ebtare, kini parasysh k\u00ebto metropole, Tiran\u00eb, Prishtin\u00eb, Shkup, Podgoric\u00eb, Kor\u00e7\u00eb, Shkod\u00ebr, Vlor\u00eb, Gjakov\u00eb, Ulqin, Tetov\u00eb, Mitrovic\u00eb, Lezh\u00eb, Kruj\u00eb, Berat, Priz\u00ebren. Po aq mal\u00ebsor, po aq myzeqar, po aq shqiptar. Kur e shoh sot se sa e pasur \u00ebsht\u00eb memoria ime, goj\u00eb plot t\u00eb them, qofsh\u00eb i bekuar qytetar intelektual i dheut tim.<\/p>\n","protected":false},"excerpt":{"rendered":"<p>Me memorien time ka ecur paralel edhe emri i Dalip Grec\u00ebs. Duhet t\u00eb ket\u00eb q\u00ebn\u00eb viti 1988 kur kam trokitur p\u00ebr her\u00eb t\u00eb par\u00eb n\u00eb zyrat e gazet\u00ebs lokale t\u00eb qytetit. Ajo ishte nj\u00eb godin\u00eb e re trikat\u00ebshe ku punonte nj\u00eb staf cil\u00ebsor redaktor\u00ebsh e gazetar\u00ebsh. Aty dilte gazeta Shk\u00ebndija. Aty ka nisur edhe fjala [&hellip;]<\/p>\n","protected":false},"author":2,"featured_media":3253,"comment_status":"open","ping_status":"open","sticky":false,"template":"","format":"standard","meta":{"footnotes":""},"categories":[114],"tags":[],"class_list":{"0":"post-3252","1":"post","2":"type-post","3":"status-publish","4":"format-standard","5":"has-post-thumbnail","7":"category-editorial"},"_links":{"self":[{"href":"https:\/\/neutrale.al\/index.php\/wp-json\/wp\/v2\/posts\/3252","targetHints":{"allow":["GET"]}}],"collection":[{"href":"https:\/\/neutrale.al\/index.php\/wp-json\/wp\/v2\/posts"}],"about":[{"href":"https:\/\/neutrale.al\/index.php\/wp-json\/wp\/v2\/types\/post"}],"author":[{"embeddable":true,"href":"https:\/\/neutrale.al\/index.php\/wp-json\/wp\/v2\/users\/2"}],"replies":[{"embeddable":true,"href":"https:\/\/neutrale.al\/index.php\/wp-json\/wp\/v2\/comments?post=3252"}],"version-history":[{"count":1,"href":"https:\/\/neutrale.al\/index.php\/wp-json\/wp\/v2\/posts\/3252\/revisions"}],"predecessor-version":[{"id":3254,"href":"https:\/\/neutrale.al\/index.php\/wp-json\/wp\/v2\/posts\/3252\/revisions\/3254"}],"wp:featuredmedia":[{"embeddable":true,"href":"https:\/\/neutrale.al\/index.php\/wp-json\/wp\/v2\/media\/3253"}],"wp:attachment":[{"href":"https:\/\/neutrale.al\/index.php\/wp-json\/wp\/v2\/media?parent=3252"}],"wp:term":[{"taxonomy":"category","embeddable":true,"href":"https:\/\/neutrale.al\/index.php\/wp-json\/wp\/v2\/categories?post=3252"},{"taxonomy":"post_tag","embeddable":true,"href":"https:\/\/neutrale.al\/index.php\/wp-json\/wp\/v2\/tags?post=3252"}],"curies":[{"name":"wp","href":"https:\/\/api.w.org\/{rel}","templated":true}]}}