{"id":3249,"date":"2022-05-17T08:14:49","date_gmt":"2022-05-17T08:14:49","guid":{"rendered":"https:\/\/neutrale.al\/?p=3249"},"modified":"2022-05-17T08:14:49","modified_gmt":"2022-05-17T08:14:49","slug":"shuhet-dalip-greca-ikona-e-diellit-vatres-e-medias-shqiptare-ne-amerike-vatra-mesazh-ngushellimi","status":"publish","type":"post","link":"https:\/\/neutrale.al\/index.php\/2022\/05\/17\/shuhet-dalip-greca-ikona-e-diellit-vatres-e-medias-shqiptare-ne-amerike-vatra-mesazh-ngushellimi\/","title":{"rendered":"SHUHET DALIP GRECA, IKONA E DIELLIT, VATR\u00cbS E MEDIAS SHQIPTARE N\u00cb AMERIK\u00cb, VATRA MESAZH NGUSH\u00cbLLIMI"},"content":{"rendered":"<p>E nderuar familja Greca <\/p>\n<p>I shtrenjt\u00eb dhe i paharruar miku yn\u00eb i p\u00ebrjet\u00ebsis\u00eb Dalip <\/p>\n<p>Sot p\u00ebr familjen Greca, Vatr\u00ebn, Vatran\u00ebt, Shqiptaro-Amerikan\u00ebt \u00ebsht\u00eb nj\u00eb dit\u00eb zie dhe trishtimi.<br \/>\nSot, m\u00eb dat\u00eb 16 Maj 2022, n\u00eb or\u00ebn 4.23 PM n\u00eb New York, zemra e mikut ton\u00eb t\u00eb \u00e7muar Dalip Greca ndaloi p\u00ebrgjithmon\u00eb.<br \/>\nIkja e befasishme na ka shkat\u00ebrruar t\u00eb gjith\u00ebve n\u00eb shpirt. Ky largim i shpejt\u00eb dhe i padrejt\u00eb na ka vrar\u00eb fort e m\u00ebrzitur pafund\u00ebsisht.<br \/>\nNj\u00eb largim fizik q\u00eb l\u00eb pas shum\u00eb trishtim, keqardhje e dhimbje t\u00eb thell\u00eb te familja, miqt\u00eb e bashk\u00ebpun\u00ebtor\u00ebt.<br \/>\nNe do ta kujtojm\u00eb e respektojm\u00eb p\u00ebrjet\u00eb kontributin t\u00ebnd t\u00eb shquar, dedikimin dhe p\u00ebrkushtimin n\u00eb pun\u00ebt q\u00eb b\u00ebje, korrekt\u00ebsin\u00eb e detyrave, besnik\u00ebrin\u00eb e premtimeve e miq\u00ebsive, p\u00ebrkushtimin e devotshm\u00ebrin\u00eb ndaj komunitetit, miqve, medias dhe kombit shqiptar.<br \/>\nIkja e Dalip Grec\u00ebs largon brenda nesh nj\u00eb cop\u00eb t\u00eb r\u00ebnd\u00ebsishme jete t\u00eb kthyer n\u00eb p\u00ebrkujtim t\u00eb p\u00ebrjetsh\u00ebm.<br \/>\nSot, t\u00eb gjith\u00eb kemi humbur shum\u00eb. Miqt\u00eb nj\u00eb mik special, shok, vatran, patriot, familjar e veprimtar t\u00eb pa z\u00ebvend\u00ebsuesh\u00ebm n\u00eb kauzat ku Dalip Greca b\u00ebhej pjes\u00eb. N\u00eb em\u00ebr t\u00eb Federat\u00ebs Pan- Shqiptare t\u00eb Amerik\u00ebs VATRA, n\u00eb em\u00ebr t\u00eb t\u00eb gjith\u00eb vatran\u00ebve, t\u00eb Shqiptaro-Amerikan\u00ebve e t\u00eb familjes sime ju p\u00ebrcjell ngush\u00ebllimet tona m\u00eb t\u00eb ndjera, m\u00eb t\u00eb sinqerta e m\u00eb t\u00eb dhimbshme familjes Greca p\u00ebr humbjen e pakthyeshme t\u00eb mikut ton\u00eb Dalip.<br \/>\nLutjet dhe p\u00ebrshpirtjet tona si vatran\u00eb e komunitet jan\u00eb m\u00eb t\u00eb af\u00ebrta e m\u00eb t\u00eb ndjera se kurr\u00eb pran\u00eb familjes Greca, familjar\u00ebve e miqve n\u00eb k\u00ebto momente trishtimi, lamtumire, humbje e zie.<br \/>\nMir\u00ebnjohje p\u00ebr jet\u00eb t\u00eb jet\u00ebve o Dalip Greca p\u00ebr gjith\u00e7ka q\u00eb po na l\u00eb pas ikjes sate n\u00eb p\u00ebrjet\u00ebsi. <\/p>\n<p>Pushofsh n\u00eb paqen e amshuar, n\u00eb mbret\u00ebrin\u00eb e qiellit miku yn\u00eb i paharruar. <\/p>\n<p>I pik\u00eblluar thell\u00eb <\/p>\n<p>Pran\u00eb familjes e miqve, me nderime t\u00eb ve\u00e7anta <\/p>\n<p>Kryetari i VATR\u00cbS <\/p>\n<p>Elmi BERISHA<\/p>\n","protected":false},"excerpt":{"rendered":"<p>E nderuar familja Greca I shtrenjt\u00eb dhe i paharruar miku yn\u00eb i p\u00ebrjet\u00ebsis\u00eb Dalip Sot p\u00ebr familjen Greca, Vatr\u00ebn, Vatran\u00ebt, Shqiptaro-Amerikan\u00ebt \u00ebsht\u00eb nj\u00eb dit\u00eb zie dhe trishtimi. Sot, m\u00eb dat\u00eb 16 Maj 2022, n\u00eb or\u00ebn 4.23 PM n\u00eb New York, zemra e mikut ton\u00eb t\u00eb \u00e7muar Dalip Greca ndaloi p\u00ebrgjithmon\u00eb. Ikja e befasishme na ka [&hellip;]<\/p>\n","protected":false},"author":2,"featured_media":3250,"comment_status":"open","ping_status":"open","sticky":false,"template":"","format":"standard","meta":{"footnotes":""},"categories":[12,118],"tags":[27],"class_list":{"0":"post-3249","1":"post","2":"type-post","3":"status-publish","4":"format-standard","5":"has-post-thumbnail","7":"category-bota","8":"category-kryesore","9":"tag-lajme"},"_links":{"self":[{"href":"https:\/\/neutrale.al\/index.php\/wp-json\/wp\/v2\/posts\/3249","targetHints":{"allow":["GET"]}}],"collection":[{"href":"https:\/\/neutrale.al\/index.php\/wp-json\/wp\/v2\/posts"}],"about":[{"href":"https:\/\/neutrale.al\/index.php\/wp-json\/wp\/v2\/types\/post"}],"author":[{"embeddable":true,"href":"https:\/\/neutrale.al\/index.php\/wp-json\/wp\/v2\/users\/2"}],"replies":[{"embeddable":true,"href":"https:\/\/neutrale.al\/index.php\/wp-json\/wp\/v2\/comments?post=3249"}],"version-history":[{"count":1,"href":"https:\/\/neutrale.al\/index.php\/wp-json\/wp\/v2\/posts\/3249\/revisions"}],"predecessor-version":[{"id":3251,"href":"https:\/\/neutrale.al\/index.php\/wp-json\/wp\/v2\/posts\/3249\/revisions\/3251"}],"wp:featuredmedia":[{"embeddable":true,"href":"https:\/\/neutrale.al\/index.php\/wp-json\/wp\/v2\/media\/3250"}],"wp:attachment":[{"href":"https:\/\/neutrale.al\/index.php\/wp-json\/wp\/v2\/media?parent=3249"}],"wp:term":[{"taxonomy":"category","embeddable":true,"href":"https:\/\/neutrale.al\/index.php\/wp-json\/wp\/v2\/categories?post=3249"},{"taxonomy":"post_tag","embeddable":true,"href":"https:\/\/neutrale.al\/index.php\/wp-json\/wp\/v2\/tags?post=3249"}],"curies":[{"name":"wp","href":"https:\/\/api.w.org\/{rel}","templated":true}]}}