{"id":3240,"date":"2022-05-16T21:41:17","date_gmt":"2022-05-16T21:41:17","guid":{"rendered":"https:\/\/neutrale.al\/?p=3240"},"modified":"2022-05-17T08:04:09","modified_gmt":"2022-05-17T08:04:09","slug":"deshton-raundi-i-pare-per-zgjedhjen-e-presidentit-nuk-depozitohet-asnje-kandidature-ne-kuvend","status":"publish","type":"post","link":"https:\/\/neutrale.al\/index.php\/2022\/05\/16\/deshton-raundi-i-pare-per-zgjedhjen-e-presidentit-nuk-depozitohet-asnje-kandidature-ne-kuvend\/","title":{"rendered":"D\u00ebshton raundi i par\u00eb p\u00ebr zgjedhjen e presidentit, nuk depozitohet asnj\u00eb kandidatur\u00eb n\u00eb Kuvend"},"content":{"rendered":"<p>Procesi p\u00ebr zgjedhjen e presidentit t\u00eb ri ka shkaktuar debate dhe diskutime t\u00eb shumta gjat\u00eb jav\u00ebve t\u00eb fundit, por raundi i par\u00eb ka d\u00ebshtuar t\u00eb sjell\u00eb nj\u00eb em\u00ebr dhe aq m\u00eb pak ta zgjedh\u00eb Kreun e Ri t\u00eb Shtetit. Kuvendi u mbledh k\u00ebt\u00eb t\u00eb h\u00ebn\u00eb, n\u00eb or\u00ebn 17:00 p\u00ebr t\u00eb folur p\u00ebr procesin p\u00ebr zgjedhjen e presidentit t\u00eb ri. Seanca ka zgjatur 3 minuta e 30 sekonda<\/p>\n<p>N\u00eb fjal\u00ebn e saj n\u00eb Kuvend, Klotilda Bushka tha se nuk \u00ebsht\u00eb depozituar asnj\u00eb kandidatur\u00eb.<\/p>\n<p>N\u00eb k\u00ebt\u00eb m\u00ebnyr\u00eb mbledhja e thirrur \u00ebsht\u00eb zhvilluar shum\u00eb shkurt, nd\u00ebrsa kryetarja e Kuvendit, Lindita Nikolla njoftoi se t\u00eb mart\u00ebn do t\u00eb mblidhet Konferenca e Kryetar\u00ebve,ne oren 10:00.<\/p>\n","protected":false},"excerpt":{"rendered":"<p>Procesi p\u00ebr zgjedhjen e presidentit t\u00eb ri ka shkaktuar debate dhe diskutime t\u00eb shumta gjat\u00eb jav\u00ebve t\u00eb fundit, por raundi i par\u00eb ka d\u00ebshtuar t\u00eb sjell\u00eb nj\u00eb em\u00ebr dhe aq m\u00eb pak ta zgjedh\u00eb Kreun e Ri t\u00eb Shtetit. Kuvendi u mbledh k\u00ebt\u00eb t\u00eb h\u00ebn\u00eb, n\u00eb or\u00ebn 17:00 p\u00ebr t\u00eb folur p\u00ebr procesin p\u00ebr zgjedhjen [&hellip;]<\/p>\n","protected":false},"author":2,"featured_media":3241,"comment_status":"open","ping_status":"open","sticky":false,"template":"","format":"standard","meta":{"footnotes":""},"categories":[117,9],"tags":[27],"class_list":{"0":"post-3240","1":"post","2":"type-post","3":"status-publish","4":"format-standard","5":"has-post-thumbnail","7":"category-aktualitet","8":"category-politika","9":"tag-lajme"},"_links":{"self":[{"href":"https:\/\/neutrale.al\/index.php\/wp-json\/wp\/v2\/posts\/3240","targetHints":{"allow":["GET"]}}],"collection":[{"href":"https:\/\/neutrale.al\/index.php\/wp-json\/wp\/v2\/posts"}],"about":[{"href":"https:\/\/neutrale.al\/index.php\/wp-json\/wp\/v2\/types\/post"}],"author":[{"embeddable":true,"href":"https:\/\/neutrale.al\/index.php\/wp-json\/wp\/v2\/users\/2"}],"replies":[{"embeddable":true,"href":"https:\/\/neutrale.al\/index.php\/wp-json\/wp\/v2\/comments?post=3240"}],"version-history":[{"count":2,"href":"https:\/\/neutrale.al\/index.php\/wp-json\/wp\/v2\/posts\/3240\/revisions"}],"predecessor-version":[{"id":3243,"href":"https:\/\/neutrale.al\/index.php\/wp-json\/wp\/v2\/posts\/3240\/revisions\/3243"}],"wp:featuredmedia":[{"embeddable":true,"href":"https:\/\/neutrale.al\/index.php\/wp-json\/wp\/v2\/media\/3241"}],"wp:attachment":[{"href":"https:\/\/neutrale.al\/index.php\/wp-json\/wp\/v2\/media?parent=3240"}],"wp:term":[{"taxonomy":"category","embeddable":true,"href":"https:\/\/neutrale.al\/index.php\/wp-json\/wp\/v2\/categories?post=3240"},{"taxonomy":"post_tag","embeddable":true,"href":"https:\/\/neutrale.al\/index.php\/wp-json\/wp\/v2\/tags?post=3240"}],"curies":[{"name":"wp","href":"https:\/\/api.w.org\/{rel}","templated":true}]}}