{"id":3226,"date":"2022-05-16T21:21:33","date_gmt":"2022-05-16T21:21:33","guid":{"rendered":"https:\/\/neutrale.al\/?p=3226"},"modified":"2022-05-16T21:29:33","modified_gmt":"2022-05-16T21:29:33","slug":"shqiptaret-e-amerikes-festojne","status":"publish","type":"post","link":"https:\/\/neutrale.al\/index.php\/2022\/05\/16\/shqiptaret-e-amerikes-festojne\/","title":{"rendered":"Shqiptar\u00ebt e Amerik\u00ebs festojn\u00eb."},"content":{"rendered":"<p>Policia e New York-ut, parakalon me flamurin Kuqezi n\u00eb rrug\u00ebn \u201cGjergj Kastrioti\u201d n\u00eb Bronx <\/p>\n<p>Nj\u00eb rruge n\u00eb Bronx t\u00eb New Yorkut \u00ebsht\u00eb em\u00ebruar sipas heroit ton\u00eb komb\u00ebtar, Gjergj Kastrioti Sk\u00ebnderbeu. Vendimi i marr\u00eb n\u00eb 100-vjetorin e vendosjes s\u00eb marr\u00ebdh\u00ebnieve Shqip\u00ebri-SHBA, \u00ebsht\u00eb pritur me shum\u00eb g\u00ebzim e krenari nga komuniteti shqiptar n\u00eb at\u00eb zon\u00eb.<br \/>\nMe flamuj kuq e zi e veshje komb\u00ebtare, f\u00ebmij\u00eb, gra e burra kan\u00eb dal\u00eb p\u00ebr t\u00eb festuar. Nd\u00ebrsa gjall\u00ebris\u00eb s\u00eb fest\u00ebs i \u00ebsht\u00eb bashkuar edhe Policia e New York-ut. T\u00eb hipur n\u00eb kuaj, me flamuj amerikan dhe kuq e zi, kalor\u00ebsit e trup\u00ebs kan\u00eb inauguruar rrug\u00ebn \u201cGjergj Kastrioti\u201d me nj\u00eb parakalim. <\/p>\n<p>Ceremonis\u00eb i \u00ebsht\u00eb bashkuar edhe kryebashkiaku i New Yorkut, Eric Adams. P\u00ebrmes nj\u00eb shkrimi n\u00eb Twitter, Adams thuri lavde p\u00ebr shqiptar\u00ebt, duke theksuar se ata<br \/>\njan\u00eb nj\u00eb komunitet i madh q\u00eb<br \/>\ngjall\u00ebrojn\u00eb qytetin. <\/p>\n<p>\u201cNe jemi sht\u00ebpia e komunitetit m\u00eb t\u00eb madh shqiptar n\u00eb Amerik\u00eb. Shqiptaret n\u00eb SHBA jan\u00eb pronar\u00eb<br \/>\nbiznesesh , pun\u00ebtor\u00eb t\u00eb vij\u00ebs s\u00eb par\u00eb, q\u00eb e b\u00ebjn\u00eb qytetin ton\u00eb t\u00eb gjall\u00eb. Ishte nj\u00eb nder t\u2019u bashkohesha sot p\u00ebr t\u00eb festuar p\u00ebrkujtimin e heroit komb\u00ebtar shqiptar, Gjergj<br \/>\nKastrioti Skenderbeu\u201d,\u00a0ka shkruar Adams.<br \/>\nNd\u00ebr veprimtar\u00ebt q\u00eb kontribuan n\u00eb realizimin e pun\u00ebs p\u00ebr vendosjen e<br \/>\nemrit t\u00eb Gjergj Kastriotit rrug\u00ebs n\u00eb Bronx \u00ebsht\u00eb ish-antari i k\u00ebshillit bashkiak t\u00eb New York p\u00ebr Queens, Mark Gjonaj, q\u00eb njihet edhe si person me shum\u00eb pesh\u00eb tek bashk\u00ebkomb\u00ebsit e tij.<br \/>\nP\u00ebrve\u00e7 em\u00ebrtimit q\u00eb mori rruga e re, nj\u00eb tjet\u00ebr rrug\u00eb n\u00eb Nju Jork mban emrin e veprimtarit t\u00eb shquar shqiptar, Fan Noli.<\/p>\n","protected":false},"excerpt":{"rendered":"<p>Policia e New York-ut, parakalon me flamurin Kuqezi n\u00eb rrug\u00ebn \u201cGjergj Kastrioti\u201d n\u00eb Bronx Nj\u00eb rruge n\u00eb Bronx t\u00eb New Yorkut \u00ebsht\u00eb em\u00ebruar sipas heroit ton\u00eb komb\u00ebtar, Gjergj Kastrioti Sk\u00ebnderbeu. Vendimi i marr\u00eb n\u00eb 100-vjetorin e vendosjes s\u00eb marr\u00ebdh\u00ebnieve Shqip\u00ebri-SHBA, \u00ebsht\u00eb pritur me shum\u00eb g\u00ebzim e krenari nga komuniteti shqiptar n\u00eb at\u00eb zon\u00eb. Me flamuj [&hellip;]<\/p>\n","protected":false},"author":2,"featured_media":3227,"comment_status":"open","ping_status":"open","sticky":false,"template":"","format":"standard","meta":{"footnotes":""},"categories":[117,12,118],"tags":[27],"class_list":{"0":"post-3226","1":"post","2":"type-post","3":"status-publish","4":"format-standard","5":"has-post-thumbnail","7":"category-aktualitet","8":"category-bota","9":"category-kryesore","10":"tag-lajme"},"_links":{"self":[{"href":"https:\/\/neutrale.al\/index.php\/wp-json\/wp\/v2\/posts\/3226","targetHints":{"allow":["GET"]}}],"collection":[{"href":"https:\/\/neutrale.al\/index.php\/wp-json\/wp\/v2\/posts"}],"about":[{"href":"https:\/\/neutrale.al\/index.php\/wp-json\/wp\/v2\/types\/post"}],"author":[{"embeddable":true,"href":"https:\/\/neutrale.al\/index.php\/wp-json\/wp\/v2\/users\/2"}],"replies":[{"embeddable":true,"href":"https:\/\/neutrale.al\/index.php\/wp-json\/wp\/v2\/comments?post=3226"}],"version-history":[{"count":5,"href":"https:\/\/neutrale.al\/index.php\/wp-json\/wp\/v2\/posts\/3226\/revisions"}],"predecessor-version":[{"id":3238,"href":"https:\/\/neutrale.al\/index.php\/wp-json\/wp\/v2\/posts\/3226\/revisions\/3238"}],"wp:featuredmedia":[{"embeddable":true,"href":"https:\/\/neutrale.al\/index.php\/wp-json\/wp\/v2\/media\/3227"}],"wp:attachment":[{"href":"https:\/\/neutrale.al\/index.php\/wp-json\/wp\/v2\/media?parent=3226"}],"wp:term":[{"taxonomy":"category","embeddable":true,"href":"https:\/\/neutrale.al\/index.php\/wp-json\/wp\/v2\/categories?post=3226"},{"taxonomy":"post_tag","embeddable":true,"href":"https:\/\/neutrale.al\/index.php\/wp-json\/wp\/v2\/tags?post=3226"}],"curies":[{"name":"wp","href":"https:\/\/api.w.org\/{rel}","templated":true}]}}