{"id":3223,"date":"2022-05-16T17:13:46","date_gmt":"2022-05-16T17:13:46","guid":{"rendered":"https:\/\/neutrale.al\/?p=3223"},"modified":"2022-05-16T17:13:46","modified_gmt":"2022-05-16T17:13:46","slug":"vizita-pa-mister-e-mike-pompeo-ne-tirane","status":"publish","type":"post","link":"https:\/\/neutrale.al\/index.php\/2022\/05\/16\/vizita-pa-mister-e-mike-pompeo-ne-tirane\/","title":{"rendered":"Vizita pa mister e Mike Pompeo n\u00eb Tiran\u00eb"},"content":{"rendered":"<p>Ish-sekretari amerikan i Shtetit, Mike Pompeo, mori pjes\u00eb n\u00eb disa takime sot n\u00eb Tiran\u00eb.<br \/>\nAjo p\u00ebr t\u00eb cil\u00ebn shqiptar\u00ebt jan\u00eb m\u00eb t\u00eb interesuar, si nj\u00eb shoq\u00ebri me mentalitet lindor se: cilin takoi, kujt i dha dor\u00ebn, me k\u00eb dukej i qeshur ?, nuk pati asnj\u00eb mister, asnj\u00eb befasi.<br \/>\nPolitika mbeti n\u00eb statukuon\u00eb e m\u00ebparshme, mazhoranca e qet\u00eb, opozita e p\u00ebr\u00e7ar\u00eb.<br \/>\nAi mbajti nj\u00eb fjal\u00eb p\u00ebrsh\u00ebndet\u00ebse me rastin e 100 vjetorit t\u00eb marr\u00ebdh\u00ebnieve diplomatike midis Shqip\u00ebris\u00eb dhe SHBA.<br \/>\nTakoi grupe deputet\u00ebsh nga dy krah\u00ebt politik dhe i g\u00ebzoi duke pozuar me ta.<br \/>\nU shfaq n\u00eb krah t\u00eb kryeministrit Edi Rama gjat\u00eb firmosjes s\u00eb nj\u00eb memorandumi mir\u00ebkuptimi mes kompanis\u00eb shqiptare t\u00eb gazit, AlbGaz dhe kompanis\u00eb bullgare \u201cOvergas\u201d p\u00ebr zhvillimin e projekteve energjitike n\u00eb Tiran\u00eb. <\/p>\n<p>I pranish\u00ebm n\u00eb ceremoni ishte edhe Stephen Payne, president i kompanis\u00eb amerikane \u201cLinden Energy\u201d, e cila ka n\u00ebnshkruar nj\u00eb marr\u00ebveshje p\u00ebr blerjen e 50% t\u00eb aksioneve t\u00eb kompanis\u00eb bullgare t\u00eb gazit \u201cOvergas\u201d. <\/p>\n<p>Sipas njoftimit p\u00ebr shtyp t\u00eb shp\u00ebrndar\u00eb gjat\u00eb ceremonis\u00eb, ish-sekretari i shtetit, Pompeo \u00ebsht\u00eb kryetar i bordit t\u00eb K\u00ebshillimit t\u00eb \u201cLinden Energy\u201d. <\/p>\n<p>Presidenti i Linden Energy, Stephen Payne dhe an\u00ebtari i bordit drejtues t\u00eb Overgas, Matthew Bryza.<\/p>\n","protected":false},"excerpt":{"rendered":"<p>Ish-sekretari amerikan i Shtetit, Mike Pompeo, mori pjes\u00eb n\u00eb disa takime sot n\u00eb Tiran\u00eb. Ajo p\u00ebr t\u00eb cil\u00ebn shqiptar\u00ebt jan\u00eb m\u00eb t\u00eb interesuar, si nj\u00eb shoq\u00ebri me mentalitet lindor se: cilin takoi, kujt i dha dor\u00ebn, me k\u00eb dukej i qeshur ?, nuk pati asnj\u00eb mister, asnj\u00eb befasi. Politika mbeti n\u00eb statukuon\u00eb e m\u00ebparshme, mazhoranca [&hellip;]<\/p>\n","protected":false},"author":2,"featured_media":3224,"comment_status":"open","ping_status":"open","sticky":false,"template":"","format":"standard","meta":{"footnotes":""},"categories":[118,9],"tags":[27],"class_list":{"0":"post-3223","1":"post","2":"type-post","3":"status-publish","4":"format-standard","5":"has-post-thumbnail","7":"category-kryesore","8":"category-politika","9":"tag-lajme"},"_links":{"self":[{"href":"https:\/\/neutrale.al\/index.php\/wp-json\/wp\/v2\/posts\/3223","targetHints":{"allow":["GET"]}}],"collection":[{"href":"https:\/\/neutrale.al\/index.php\/wp-json\/wp\/v2\/posts"}],"about":[{"href":"https:\/\/neutrale.al\/index.php\/wp-json\/wp\/v2\/types\/post"}],"author":[{"embeddable":true,"href":"https:\/\/neutrale.al\/index.php\/wp-json\/wp\/v2\/users\/2"}],"replies":[{"embeddable":true,"href":"https:\/\/neutrale.al\/index.php\/wp-json\/wp\/v2\/comments?post=3223"}],"version-history":[{"count":2,"href":"https:\/\/neutrale.al\/index.php\/wp-json\/wp\/v2\/posts\/3223\/revisions"}],"predecessor-version":[{"id":3248,"href":"https:\/\/neutrale.al\/index.php\/wp-json\/wp\/v2\/posts\/3223\/revisions\/3248"}],"wp:featuredmedia":[{"embeddable":true,"href":"https:\/\/neutrale.al\/index.php\/wp-json\/wp\/v2\/media\/3224"}],"wp:attachment":[{"href":"https:\/\/neutrale.al\/index.php\/wp-json\/wp\/v2\/media?parent=3223"}],"wp:term":[{"taxonomy":"category","embeddable":true,"href":"https:\/\/neutrale.al\/index.php\/wp-json\/wp\/v2\/categories?post=3223"},{"taxonomy":"post_tag","embeddable":true,"href":"https:\/\/neutrale.al\/index.php\/wp-json\/wp\/v2\/tags?post=3223"}],"curies":[{"name":"wp","href":"https:\/\/api.w.org\/{rel}","templated":true}]}}