{"id":31796,"date":"2022-12-05T11:49:13","date_gmt":"2022-12-05T11:49:13","guid":{"rendered":"https:\/\/neutrale.al\/?p=31796"},"modified":"2022-12-05T11:49:13","modified_gmt":"2022-12-05T11:49:13","slug":"auto-moto-parku-i-pare-shqiptar-qe-do-ngrihet-ne-qytetin-e-elbasanit-rama-hapet-gara-per-projektin-5-nga-studiot-me-te-mira-boterore","status":"publish","type":"post","link":"https:\/\/neutrale.al\/index.php\/2022\/12\/05\/auto-moto-parku-i-pare-shqiptar-qe-do-ngrihet-ne-qytetin-e-elbasanit-rama-hapet-gara-per-projektin-5-nga-studiot-me-te-mira-boterore\/","title":{"rendered":"Auto Moto Parku i par\u00eb shqiptar, q\u00eb do ngrihet n\u00eb qytetin e Elbasanit\/ Rama: Hapet gara p\u00ebr projektin, 5 nga studiot m\u00eb t\u00eb mira bot\u00ebrore&#8230;"},"content":{"rendered":"<p>K\u00ebshtu njofton kryeministri Edi Rama n\u00ebp\u00ebrmjet rrjeteve sociale.<\/p>\n<p>Postimi i tij:<\/p>\n<p>\ud83d\ude0dHapet gara p\u00ebr projektin e Auto Moto Parkut t\u00eb par\u00eb shqiptar, q\u00eb do ngrihet n\u00eb qytetin e Elbasanit. 5 nga studiot m\u00eb t\u00eb mira bot\u00ebrore t\u00eb projektimit t\u00eb strukturave t\u00eb tilla, autor\u00eb t\u00eb pistave m\u00eb t\u00eb njohura t\u00eb Formula 1\ud83c\udfce\ufe0f, kan\u00eb shprehur interes p\u00ebr k\u00ebt\u00eb investim shqiptar, q\u00eb do t\u00eb ket\u00eb nj\u00eb pist\u00eb 5.3 km ku do t\u00eb zhvillohen nj\u00eb s\u00ebr\u00eb aktivitetetesh automobilistike, gara komb\u00ebtare e nd\u00ebrkomb\u00ebtare sipas standardeve t\u00eb Federat\u00ebs Nd\u00ebrkomb\u00ebtare t\u00eb Automobileve\ud83d\ude4f\ud83d\udede<\/p>\n<p>\ud83d\udc4f Sot ndajm\u00eb me k\u00ebnaq\u00ebsi disa nga veprat kryesore t\u00eb portofolit t\u00eb k\u00ebtyre studiove prestigjoze, me bindjen se konkursi nd\u00ebrkomb\u00ebtar i Janarit 2023 do t\u00eb nxjerr\u00eb fitues nj\u00eb projekt mbres\u00ebl\u00ebn\u00ebs nga ofert\u00eb-propozimet e garuesve t\u00eb kualifikuar p\u00ebr faz\u00ebn finale t\u00eb projektimit t\u00eb AMP &#8211; Auto Moto Park Albania<\/p>\n","protected":false},"excerpt":{"rendered":"<p>K\u00ebshtu njofton kryeministri Edi Rama n\u00ebp\u00ebrmjet rrjeteve sociale. Postimi i tij: \ud83d\ude0dHapet gara p\u00ebr projektin e Auto Moto Parkut t\u00eb par\u00eb shqiptar, q\u00eb do ngrihet n\u00eb qytetin e Elbasanit. 5 nga studiot m\u00eb t\u00eb mira bot\u00ebrore t\u00eb projektimit t\u00eb strukturave t\u00eb tilla, autor\u00eb t\u00eb pistave m\u00eb t\u00eb njohura t\u00eb Formula 1\ud83c\udfce\ufe0f, kan\u00eb shprehur interes p\u00ebr [&hellip;]<\/p>\n","protected":false},"author":2,"featured_media":31797,"comment_status":"open","ping_status":"open","sticky":false,"template":"","format":"standard","meta":{"footnotes":""},"categories":[118],"tags":[],"class_list":{"0":"post-31796","1":"post","2":"type-post","3":"status-publish","4":"format-standard","5":"has-post-thumbnail","7":"category-kryesore"},"_links":{"self":[{"href":"https:\/\/neutrale.al\/index.php\/wp-json\/wp\/v2\/posts\/31796","targetHints":{"allow":["GET"]}}],"collection":[{"href":"https:\/\/neutrale.al\/index.php\/wp-json\/wp\/v2\/posts"}],"about":[{"href":"https:\/\/neutrale.al\/index.php\/wp-json\/wp\/v2\/types\/post"}],"author":[{"embeddable":true,"href":"https:\/\/neutrale.al\/index.php\/wp-json\/wp\/v2\/users\/2"}],"replies":[{"embeddable":true,"href":"https:\/\/neutrale.al\/index.php\/wp-json\/wp\/v2\/comments?post=31796"}],"version-history":[{"count":1,"href":"https:\/\/neutrale.al\/index.php\/wp-json\/wp\/v2\/posts\/31796\/revisions"}],"predecessor-version":[{"id":31798,"href":"https:\/\/neutrale.al\/index.php\/wp-json\/wp\/v2\/posts\/31796\/revisions\/31798"}],"wp:featuredmedia":[{"embeddable":true,"href":"https:\/\/neutrale.al\/index.php\/wp-json\/wp\/v2\/media\/31797"}],"wp:attachment":[{"href":"https:\/\/neutrale.al\/index.php\/wp-json\/wp\/v2\/media?parent=31796"}],"wp:term":[{"taxonomy":"category","embeddable":true,"href":"https:\/\/neutrale.al\/index.php\/wp-json\/wp\/v2\/categories?post=31796"},{"taxonomy":"post_tag","embeddable":true,"href":"https:\/\/neutrale.al\/index.php\/wp-json\/wp\/v2\/tags?post=31796"}],"curies":[{"name":"wp","href":"https:\/\/api.w.org\/{rel}","templated":true}]}}