{"id":3170,"date":"2022-05-16T12:22:35","date_gmt":"2022-05-16T12:22:35","guid":{"rendered":"https:\/\/neutrale.al\/?p=3170"},"modified":"2022-05-16T12:22:35","modified_gmt":"2022-05-16T12:22:35","slug":"gjermania-thirrje-vendeve-te-be-se-ti-qendrojme-premtimit-tone-te-hapen-negociatat-e-vonuara-te-anetaresimit-te-shqiperise","status":"publish","type":"post","link":"https:\/\/neutrale.al\/index.php\/2022\/05\/16\/gjermania-thirrje-vendeve-te-be-se-ti-qendrojme-premtimit-tone-te-hapen-negociatat-e-vonuara-te-anetaresimit-te-shqiperise\/","title":{"rendered":"Gjermania thirrje vendeve t\u00eb BE-s\u00eb: T\u2019i q\u00ebndrojm\u00eb premtimit ton\u00eb, t\u00eb hapen negociatat e vonuara t\u00eb an\u00ebtar\u00ebsimit t\u00eb Shqip\u00ebris\u00eb"},"content":{"rendered":"<p>Ambasadorja e Jashtme e Gjermanis\u00eb n\u00eb nj\u00eb reagim t\u00eb fundit n\u00eb Twitter shprehet se duhet t\u00eb nisin negociatat p\u00ebr an\u00ebtar\u00ebsimin n\u00eb Bashkimin Europian t\u00eb Shqip\u00ebris\u00eb dhe Maqedonis\u00eb s\u00eb Veriut.<\/p>\n<p>Annalena Baerbock thot\u00eb se tani \u00ebsht\u00eb koha p\u00ebr t\u00eb mb\u00ebshtetur Ballkanin Per\u00ebndimor drejt rrug\u00ebn p\u00ebr n\u00eb BE, nd\u00ebrsa shton se duhet mbajtur premtimi dhe t\u00eb nisin negociatat q\u00eb sipas saj jan\u00eb t\u00eb vonuara.<\/p>\n<p>\u201cVe\u00e7an\u00ebrisht n\u00eb k\u00ebto koh\u00eb, mb\u00ebshtetja p\u00ebr vendet e Ballkanit Per\u00ebndimor n\u00eb rrug\u00ebn e tyre drejt BE \u00ebsht\u00eb nj\u00eb \u00e7\u00ebshtje ky\u00e7e e siguris\u00eb dhe gjeopolitike. Duhet t\u2019u q\u00ebndrojm\u00eb premtimeve tona dhe t\u00eb fillojm\u00eb negociatat e vonuara t\u00eb an\u00ebtar\u00ebsimit me Shqip\u00ebrin\u00eb dhe Maqedonia e Veriut\u201d, shprehet ajo.<\/p>\n","protected":false},"excerpt":{"rendered":"<p>Ambasadorja e Jashtme e Gjermanis\u00eb n\u00eb nj\u00eb reagim t\u00eb fundit n\u00eb Twitter shprehet se duhet t\u00eb nisin negociatat p\u00ebr an\u00ebtar\u00ebsimin n\u00eb Bashkimin Europian t\u00eb Shqip\u00ebris\u00eb dhe Maqedonis\u00eb s\u00eb Veriut. Annalena Baerbock thot\u00eb se tani \u00ebsht\u00eb koha p\u00ebr t\u00eb mb\u00ebshtetur Ballkanin Per\u00ebndimor drejt rrug\u00ebn p\u00ebr n\u00eb BE, nd\u00ebrsa shton se duhet mbajtur premtimi dhe t\u00eb nisin [&hellip;]<\/p>\n","protected":false},"author":2,"featured_media":3171,"comment_status":"open","ping_status":"open","sticky":false,"template":"","format":"standard","meta":{"footnotes":""},"categories":[117,118],"tags":[27],"class_list":{"0":"post-3170","1":"post","2":"type-post","3":"status-publish","4":"format-standard","5":"has-post-thumbnail","7":"category-aktualitet","8":"category-kryesore","9":"tag-lajme"},"_links":{"self":[{"href":"https:\/\/neutrale.al\/index.php\/wp-json\/wp\/v2\/posts\/3170","targetHints":{"allow":["GET"]}}],"collection":[{"href":"https:\/\/neutrale.al\/index.php\/wp-json\/wp\/v2\/posts"}],"about":[{"href":"https:\/\/neutrale.al\/index.php\/wp-json\/wp\/v2\/types\/post"}],"author":[{"embeddable":true,"href":"https:\/\/neutrale.al\/index.php\/wp-json\/wp\/v2\/users\/2"}],"replies":[{"embeddable":true,"href":"https:\/\/neutrale.al\/index.php\/wp-json\/wp\/v2\/comments?post=3170"}],"version-history":[{"count":1,"href":"https:\/\/neutrale.al\/index.php\/wp-json\/wp\/v2\/posts\/3170\/revisions"}],"predecessor-version":[{"id":3172,"href":"https:\/\/neutrale.al\/index.php\/wp-json\/wp\/v2\/posts\/3170\/revisions\/3172"}],"wp:featuredmedia":[{"embeddable":true,"href":"https:\/\/neutrale.al\/index.php\/wp-json\/wp\/v2\/media\/3171"}],"wp:attachment":[{"href":"https:\/\/neutrale.al\/index.php\/wp-json\/wp\/v2\/media?parent=3170"}],"wp:term":[{"taxonomy":"category","embeddable":true,"href":"https:\/\/neutrale.al\/index.php\/wp-json\/wp\/v2\/categories?post=3170"},{"taxonomy":"post_tag","embeddable":true,"href":"https:\/\/neutrale.al\/index.php\/wp-json\/wp\/v2\/tags?post=3170"}],"curies":[{"name":"wp","href":"https:\/\/api.w.org\/{rel}","templated":true}]}}