{"id":3144,"date":"2022-05-16T10:58:31","date_gmt":"2022-05-16T10:58:31","guid":{"rendered":"https:\/\/neutrale.al\/?p=3144"},"modified":"2022-05-16T10:58:31","modified_gmt":"2022-05-16T10:58:31","slug":"e-rende-ne-angli-vritet-me-thike-i-riu-shqiptar","status":"publish","type":"post","link":"https:\/\/neutrale.al\/index.php\/2022\/05\/16\/e-rende-ne-angli-vritet-me-thike-i-riu-shqiptar\/","title":{"rendered":"E r\u00ebnd\u00eb n\u00eb Angli, vritet me thik\u00eb i riu shqiptar"},"content":{"rendered":"\n<p>Policia Britanike ka vendosur n\u00eb pranga tre persona, si t\u00eb dyshuar p\u00ebr vrasjen e 30-vje\u00e7arit shqiptar Olsi Kuka n\u00eb Lond\u00ebr. M\u00ebsohet se dy prej t\u00eb arrestuarve, 33 dhe 25 vje\u00e7 do t\u00eb mbahen ende n\u00eb qeli, nd\u00ebrsa nj\u00eb 24 vje\u00e7ar \u00ebsht\u00eb liruar me kusht. <\/p>\n<p>Nd\u00ebrkoh\u00eb b\u00ebhet e ditur se nj\u00eb 33 vje\u00e7ar i arrestuar m\u00eb her\u00ebt p\u00ebr ngjarjen, \u00ebsht\u00eb liruar dhe ndaj tij nuk<br \/>\nr\u00ebndon asnj\u00eb akuz\u00eb. <\/p>\n<p>Nuk dihen ende rrethanat n\u00eb t\u00eb cilat ka ndodhur vrasja e t\u00eb riut shqiptar nd\u00ebrkoh\u00eb q\u00eb mediat nuk kan\u00eb publikuar t\u00eb dh\u00ebnat t\u00eb tjera mbi ngjarjen e r\u00ebnd\u00eb.<\/p>\n","protected":false},"excerpt":{"rendered":"<p>Policia Britanike ka vendosur n\u00eb pranga tre persona, si t\u00eb dyshuar p\u00ebr vrasjen e 30-vje\u00e7arit shqiptar Olsi Kuka n\u00eb Lond\u00ebr. M\u00ebsohet se dy prej t\u00eb arrestuarve, 33 dhe 25 vje\u00e7 do t\u00eb mbahen ende n\u00eb qeli, nd\u00ebrsa nj\u00eb 24 vje\u00e7ar \u00ebsht\u00eb liruar me kusht. Nd\u00ebrkoh\u00eb b\u00ebhet e ditur se nj\u00eb 33 vje\u00e7ar i arrestuar m\u00eb [&hellip;]<\/p>\n","protected":false},"author":2,"featured_media":3145,"comment_status":"open","ping_status":"open","sticky":false,"template":"","format":"standard","meta":{"footnotes":""},"categories":[118,1],"tags":[27],"class_list":{"0":"post-3144","1":"post","2":"type-post","3":"status-publish","4":"format-standard","5":"has-post-thumbnail","7":"category-kryesore","8":"category-te-tjera","9":"tag-lajme"},"_links":{"self":[{"href":"https:\/\/neutrale.al\/index.php\/wp-json\/wp\/v2\/posts\/3144","targetHints":{"allow":["GET"]}}],"collection":[{"href":"https:\/\/neutrale.al\/index.php\/wp-json\/wp\/v2\/posts"}],"about":[{"href":"https:\/\/neutrale.al\/index.php\/wp-json\/wp\/v2\/types\/post"}],"author":[{"embeddable":true,"href":"https:\/\/neutrale.al\/index.php\/wp-json\/wp\/v2\/users\/2"}],"replies":[{"embeddable":true,"href":"https:\/\/neutrale.al\/index.php\/wp-json\/wp\/v2\/comments?post=3144"}],"version-history":[{"count":1,"href":"https:\/\/neutrale.al\/index.php\/wp-json\/wp\/v2\/posts\/3144\/revisions"}],"predecessor-version":[{"id":3146,"href":"https:\/\/neutrale.al\/index.php\/wp-json\/wp\/v2\/posts\/3144\/revisions\/3146"}],"wp:featuredmedia":[{"embeddable":true,"href":"https:\/\/neutrale.al\/index.php\/wp-json\/wp\/v2\/media\/3145"}],"wp:attachment":[{"href":"https:\/\/neutrale.al\/index.php\/wp-json\/wp\/v2\/media?parent=3144"}],"wp:term":[{"taxonomy":"category","embeddable":true,"href":"https:\/\/neutrale.al\/index.php\/wp-json\/wp\/v2\/categories?post=3144"},{"taxonomy":"post_tag","embeddable":true,"href":"https:\/\/neutrale.al\/index.php\/wp-json\/wp\/v2\/tags?post=3144"}],"curies":[{"name":"wp","href":"https:\/\/api.w.org\/{rel}","templated":true}]}}