{"id":3038,"date":"2022-05-15T21:44:59","date_gmt":"2022-05-15T21:44:59","guid":{"rendered":"https:\/\/neutrale.al\/?p=3038"},"modified":"2022-05-15T21:44:59","modified_gmt":"2022-05-15T21:44:59","slug":"a-do-te-nise-nato-nje-ofensive-ushtarake-drejt-rusise-ja-cfare-thote-sekretari-i-pergjithshem-i-nato-s","status":"publish","type":"post","link":"https:\/\/neutrale.al\/index.php\/2022\/05\/15\/a-do-te-nise-nato-nje-ofensive-ushtarake-drejt-rusise-ja-cfare-thote-sekretari-i-pergjithshem-i-nato-s\/","title":{"rendered":"A do t\u00eb nis\u00eb NATO nj\u00eb ofensiv\u00eb ushtarake drejt Rusis\u00eb? Ja \u00e7far\u00eb thot\u00eb Sekretari i P\u00ebrgjithsh\u00ebm i NATO-s"},"content":{"rendered":"<p>Jens Stoltenberg, Sekretari i P\u00ebrgjithsh\u00ebm i NATO-s, ka deklaruar se nuk po planifikojn\u00eb t\u00eb nisin nj\u00eb ofensiv\u00eb ushtarake n\u00eb Rusi. N\u00eb nj\u00eb takim me ministrat e Jasht\u00ebm t\u00eb NATO-s, Stoltenberg deklaroi se Rusia nuk i ka arritur objektivat e saj strategjike.<\/p>\n<p>\u201cAta nuk po marrin Kievin, po t\u00ebrhiqen n\u00eb Kharkiv. Ofendiva e tyre n\u00eb Donbas ka ngecur\u201d, ka th\u00ebn\u00eb ai.<\/p>\n<p>Stoltenberg ka shtuar gjithashtu se Ukraina mund ta fitoj\u00eb k\u00ebt\u00eb luft\u00eb.<\/p>\n<p>Komentet e tij vijn\u00eb pasi Ministria e Mbrojtjes e Britanis\u00eb vler\u00ebson se Rusia ka humbur rreth nj\u00eb t\u00eb tret\u00ebn e forc\u00ebs s\u00eb saj luftarake tok\u00ebsore q\u00eb nga fillimi i luft\u00ebs n\u00eb shkurt.<\/p>\n<p>N\u00eb vler\u00ebsimin e saj, humbjet e Rusis\u00eb p\u00ebrfshin burrat e vrar\u00eb ose t\u00eb plagosur dhe pajisjet e shkat\u00ebrruara ose t\u00eb kapura.<br \/>\nForcat ukrainase po kund\u00ebrsulmojn\u00eb n\u00eb qytetin e Izyum, tha guvernatori rajonal Oleh Sinegubov, di\u00e7ka q\u00eb mund t\u00eb komplikoj\u00eb planet ruse p\u00ebr t\u00eb kapur Donbasin.<br \/>\nMegjithat\u00eb, ushtria e Ukrain\u00ebs pranoi gjithashtu pengesat n\u00eb p\u00ebrdit\u00ebsimet e saj t\u00eb fundit, duke th\u00ebn\u00eb se Rusia po p\u00ebrparonte n\u00eb disa zona n\u00eb rajon.<\/p>\n","protected":false},"excerpt":{"rendered":"<p>Jens Stoltenberg, Sekretari i P\u00ebrgjithsh\u00ebm i NATO-s, ka deklaruar se nuk po planifikojn\u00eb t\u00eb nisin nj\u00eb ofensiv\u00eb ushtarake n\u00eb Rusi. N\u00eb nj\u00eb takim me ministrat e Jasht\u00ebm t\u00eb NATO-s, Stoltenberg deklaroi se Rusia nuk i ka arritur objektivat e saj strategjike. \u201cAta nuk po marrin Kievin, po t\u00ebrhiqen n\u00eb Kharkiv. Ofendiva e tyre n\u00eb Donbas [&hellip;]<\/p>\n","protected":false},"author":2,"featured_media":3042,"comment_status":"open","ping_status":"open","sticky":false,"template":"","format":"standard","meta":{"footnotes":""},"categories":[117,12],"tags":[27],"class_list":{"0":"post-3038","1":"post","2":"type-post","3":"status-publish","4":"format-standard","5":"has-post-thumbnail","7":"category-aktualitet","8":"category-bota","9":"tag-lajme"},"_links":{"self":[{"href":"https:\/\/neutrale.al\/index.php\/wp-json\/wp\/v2\/posts\/3038","targetHints":{"allow":["GET"]}}],"collection":[{"href":"https:\/\/neutrale.al\/index.php\/wp-json\/wp\/v2\/posts"}],"about":[{"href":"https:\/\/neutrale.al\/index.php\/wp-json\/wp\/v2\/types\/post"}],"author":[{"embeddable":true,"href":"https:\/\/neutrale.al\/index.php\/wp-json\/wp\/v2\/users\/2"}],"replies":[{"embeddable":true,"href":"https:\/\/neutrale.al\/index.php\/wp-json\/wp\/v2\/comments?post=3038"}],"version-history":[{"count":1,"href":"https:\/\/neutrale.al\/index.php\/wp-json\/wp\/v2\/posts\/3038\/revisions"}],"predecessor-version":[{"id":3043,"href":"https:\/\/neutrale.al\/index.php\/wp-json\/wp\/v2\/posts\/3038\/revisions\/3043"}],"wp:featuredmedia":[{"embeddable":true,"href":"https:\/\/neutrale.al\/index.php\/wp-json\/wp\/v2\/media\/3042"}],"wp:attachment":[{"href":"https:\/\/neutrale.al\/index.php\/wp-json\/wp\/v2\/media?parent=3038"}],"wp:term":[{"taxonomy":"category","embeddable":true,"href":"https:\/\/neutrale.al\/index.php\/wp-json\/wp\/v2\/categories?post=3038"},{"taxonomy":"post_tag","embeddable":true,"href":"https:\/\/neutrale.al\/index.php\/wp-json\/wp\/v2\/tags?post=3038"}],"curies":[{"name":"wp","href":"https:\/\/api.w.org\/{rel}","templated":true}]}}