{"id":3037,"date":"2022-05-15T21:43:08","date_gmt":"2022-05-15T21:43:08","guid":{"rendered":"https:\/\/neutrale.al\/?p=3037"},"modified":"2022-05-16T06:59:25","modified_gmt":"2022-05-16T06:59:25","slug":"zelensky-paralajmeron-putinin-ruset-po-deshtojne-nese-tentojne-donbasin-do-ti-futen-nje-rruge-pa-krye","status":"publish","type":"post","link":"https:\/\/neutrale.al\/index.php\/2022\/05\/15\/zelensky-paralajmeron-putinin-ruset-po-deshtojne-nese-tentojne-donbasin-do-ti-futen-nje-rruge-pa-krye\/","title":{"rendered":"Zelensky paralajm\u00ebron Putinin: Rus\u00ebt po d\u00ebshtojn\u00eb, n\u00ebse tentojn\u00eb Donbasin, do t\u2019i futen nj\u00eb rruge pa krye"},"content":{"rendered":"<p>Presidenti ukrainas, Vlolodymyr Zelensky ka th\u00ebn\u00eb se rus\u00ebt po p\u00ebrgatiten p\u00ebr nj\u00eb sulm t\u00eb ri n\u00eb Donbas. Ai ka th\u00ebn\u00eb se n\u00ebse Putini do t\u00eb nd\u00ebrmarr\u00eb k\u00ebt\u00eb hap, do t\u00eb futet n\u00eb nj\u00eb rrug\u00eb pa krye.<\/p>\n<p>\u201cPo p\u00ebrgatitemi p\u00ebr sulme t\u00eb reja ruse n\u00eb Donbas. Pushtuesit ende nuk duan t\u00eb pranojn\u00eb se jan\u00eb neutralizuar dhe i ashtuquajturi operacioni special ka d\u00ebshtuar. Populli do i shtyj\u00eb pushtuesit drejt njohjes s\u00eb realitetit\u201d, tha Presidenti rus.<\/p>\n<p>Zelensky tha m\u00eb tej se do t\u00eb b\u00ebjn\u00eb gjith\u00e7ka p\u00ebr flamurin ukrainas, ligjin dhe jet\u00ebn n\u00eb at\u00eb shtet.<\/p>\n<p>Sakaq, vlen t\u00eb p\u00ebrmendet se gjat\u00eb dit\u00ebve t\u00eb fundit ka pasur disa zhvillime nd\u00ebrkomb\u00ebtare. Suedia dhe Finlanda kan\u00eb shprehur d\u00ebshir\u00ebn p\u00ebr t\u2019u an\u00ebtar\u00ebsuar n\u00eb NATO. Kryeministrat e t\u00eb dyja vendeve kan\u00eb th\u00ebn\u00eb se do t\u00eb japin nj\u00eb kontribut t\u00eb \u00e7muar n\u00eb aleanc\u00eb dhe nj\u00eb an\u00ebtar\u00ebsim i mundsh\u00ebm, s\u2019\u00ebsht\u00eb par\u00eb me sy t\u00eb mir\u00eb nga Kremlini.<\/p>\n","protected":false},"excerpt":{"rendered":"<p>Presidenti ukrainas, Vlolodymyr Zelensky ka th\u00ebn\u00eb se rus\u00ebt po p\u00ebrgatiten p\u00ebr nj\u00eb sulm t\u00eb ri n\u00eb Donbas. Ai ka th\u00ebn\u00eb se n\u00ebse Putini do t\u00eb nd\u00ebrmarr\u00eb k\u00ebt\u00eb hap, do t\u00eb futet n\u00eb nj\u00eb rrug\u00eb pa krye. \u201cPo p\u00ebrgatitemi p\u00ebr sulme t\u00eb reja ruse n\u00eb Donbas. Pushtuesit ende nuk duan t\u00eb pranojn\u00eb se jan\u00eb neutralizuar dhe [&hellip;]<\/p>\n","protected":false},"author":2,"featured_media":3078,"comment_status":"open","ping_status":"open","sticky":false,"template":"","format":"standard","meta":{"footnotes":""},"categories":[12,118,6],"tags":[27],"class_list":{"0":"post-3037","1":"post","2":"type-post","3":"status-publish","4":"format-standard","5":"has-post-thumbnail","7":"category-bota","8":"category-kryesore","9":"category-rajoni","10":"tag-lajme"},"_links":{"self":[{"href":"https:\/\/neutrale.al\/index.php\/wp-json\/wp\/v2\/posts\/3037","targetHints":{"allow":["GET"]}}],"collection":[{"href":"https:\/\/neutrale.al\/index.php\/wp-json\/wp\/v2\/posts"}],"about":[{"href":"https:\/\/neutrale.al\/index.php\/wp-json\/wp\/v2\/types\/post"}],"author":[{"embeddable":true,"href":"https:\/\/neutrale.al\/index.php\/wp-json\/wp\/v2\/users\/2"}],"replies":[{"embeddable":true,"href":"https:\/\/neutrale.al\/index.php\/wp-json\/wp\/v2\/comments?post=3037"}],"version-history":[{"count":3,"href":"https:\/\/neutrale.al\/index.php\/wp-json\/wp\/v2\/posts\/3037\/revisions"}],"predecessor-version":[{"id":3079,"href":"https:\/\/neutrale.al\/index.php\/wp-json\/wp\/v2\/posts\/3037\/revisions\/3079"}],"wp:featuredmedia":[{"embeddable":true,"href":"https:\/\/neutrale.al\/index.php\/wp-json\/wp\/v2\/media\/3078"}],"wp:attachment":[{"href":"https:\/\/neutrale.al\/index.php\/wp-json\/wp\/v2\/media?parent=3037"}],"wp:term":[{"taxonomy":"category","embeddable":true,"href":"https:\/\/neutrale.al\/index.php\/wp-json\/wp\/v2\/categories?post=3037"},{"taxonomy":"post_tag","embeddable":true,"href":"https:\/\/neutrale.al\/index.php\/wp-json\/wp\/v2\/tags?post=3037"}],"curies":[{"name":"wp","href":"https:\/\/api.w.org\/{rel}","templated":true}]}}