{"id":3034,"date":"2022-05-15T21:39:00","date_gmt":"2022-05-15T21:39:00","guid":{"rendered":"https:\/\/neutrale.al\/?p=3034"},"modified":"2022-05-16T06:45:16","modified_gmt":"2022-05-16T06:45:16","slug":"alibeaj-dekomunistizimi-i-shoqerise-mbetet-domosdoshmeri","status":"publish","type":"post","link":"https:\/\/neutrale.al\/index.php\/2022\/05\/15\/alibeaj-dekomunistizimi-i-shoqerise-mbetet-domosdoshmeri\/","title":{"rendered":"Alibeaj : Dekomunistizimi i shoq\u00ebris\u00eb mbetet domosdoshm\u00ebri."},"content":{"rendered":"<p>Opinioni i deputetit demokrat n\u00eb faqen publike t\u00eb tij:<br \/>\nPak muaj me par\u00eb, nj\u00eb deputet i Partis\u00eb Socialiste i thurte hosana figur\u00ebs s\u00eb diktatorit komunist Hoxha. Provokim i hapur i pinjoll\u00ebve t\u00eb komunizmit ndaj viktimave dhe nj\u00eb populli t\u00eb t\u00ebr\u00eb, ndaj plag\u00ebve t\u00eb pambyllura t\u00eb persekucionit, vrasjeve pa gjyq, burgosjeve e internimeve, shtypjes s\u00eb fjal\u00ebs s\u00eb lir\u00eb. Asnj\u00eb fjal\u00eb pendese, as sa p\u00ebr sy e faqje, nga pushteti. Thjesht l\u00ebnie n\u00eb harres\u00eb. N\u00eb fakt ashtu si\u00e7 ka ndodhur p\u00ebr k\u00ebto 30 vjet. Nuk ka dhimbje m\u00eb t\u00eb madhe sesa kur ndjen, q\u00eb n\u00eb vendin, e ndaj popullit, m\u00eb t\u00eb vuajtur nga diktatura komuniste, pendesa mungon, falja refuzohet dhe harresa promovohet. Simptomat m\u00eb energjike k\u00ebto q\u00eb mentaliteti diktatorial t\u00eb ruhet ende i patrazuar. E sikur hipokrizia e tranzicionit postkomunist t\u00eb mos mjaftonte, provokimet sistematike t\u00eb nostalgjik\u00ebve t\u00eb komunizmit po iu vardisen edhe brezit t\u00eb ri, nx\u00ebn\u00ebsve n\u00eb shkolla, sic ndodhi dje n\u00eb Cerrik ! Dekomunistizimi i shoq\u00ebris\u00eb shqiptare, i sinqert\u00eb, real, i plot\u00eb dhe i ndjer\u00eb \u00ebsht\u00eb ajo \u00e7ka ka nevoj\u00eb ky vend sot! Mund dhe duhet ta b\u00ebjm\u00eb!<\/p>\n","protected":false},"excerpt":{"rendered":"<p>Opinioni i deputetit demokrat n\u00eb faqen publike t\u00eb tij: Pak muaj me par\u00eb, nj\u00eb deputet i Partis\u00eb Socialiste i thurte hosana figur\u00ebs s\u00eb diktatorit komunist Hoxha. Provokim i hapur i pinjoll\u00ebve t\u00eb komunizmit ndaj viktimave dhe nj\u00eb populli t\u00eb t\u00ebr\u00eb, ndaj plag\u00ebve t\u00eb pambyllura t\u00eb persekucionit, vrasjeve pa gjyq, burgosjeve e internimeve, shtypjes s\u00eb fjal\u00ebs [&hellip;]<\/p>\n","protected":false},"author":2,"featured_media":3035,"comment_status":"open","ping_status":"open","sticky":false,"template":"","format":"standard","meta":{"footnotes":""},"categories":[118,9],"tags":[27],"class_list":{"0":"post-3034","1":"post","2":"type-post","3":"status-publish","4":"format-standard","5":"has-post-thumbnail","7":"category-kryesore","8":"category-politika","9":"tag-lajme"},"_links":{"self":[{"href":"https:\/\/neutrale.al\/index.php\/wp-json\/wp\/v2\/posts\/3034","targetHints":{"allow":["GET"]}}],"collection":[{"href":"https:\/\/neutrale.al\/index.php\/wp-json\/wp\/v2\/posts"}],"about":[{"href":"https:\/\/neutrale.al\/index.php\/wp-json\/wp\/v2\/types\/post"}],"author":[{"embeddable":true,"href":"https:\/\/neutrale.al\/index.php\/wp-json\/wp\/v2\/users\/2"}],"replies":[{"embeddable":true,"href":"https:\/\/neutrale.al\/index.php\/wp-json\/wp\/v2\/comments?post=3034"}],"version-history":[{"count":1,"href":"https:\/\/neutrale.al\/index.php\/wp-json\/wp\/v2\/posts\/3034\/revisions"}],"predecessor-version":[{"id":3036,"href":"https:\/\/neutrale.al\/index.php\/wp-json\/wp\/v2\/posts\/3034\/revisions\/3036"}],"wp:featuredmedia":[{"embeddable":true,"href":"https:\/\/neutrale.al\/index.php\/wp-json\/wp\/v2\/media\/3035"}],"wp:attachment":[{"href":"https:\/\/neutrale.al\/index.php\/wp-json\/wp\/v2\/media?parent=3034"}],"wp:term":[{"taxonomy":"category","embeddable":true,"href":"https:\/\/neutrale.al\/index.php\/wp-json\/wp\/v2\/categories?post=3034"},{"taxonomy":"post_tag","embeddable":true,"href":"https:\/\/neutrale.al\/index.php\/wp-json\/wp\/v2\/tags?post=3034"}],"curies":[{"name":"wp","href":"https:\/\/api.w.org\/{rel}","templated":true}]}}