{"id":3025,"date":"2022-05-15T21:31:18","date_gmt":"2022-05-15T21:31:18","guid":{"rendered":"https:\/\/neutrale.al\/?p=3025"},"modified":"2022-05-15T21:31:18","modified_gmt":"2022-05-15T21:31:18","slug":"ish-kryeministri-sali-berisha-deklaron-nje-beteje-te-re","status":"publish","type":"post","link":"https:\/\/neutrale.al\/index.php\/2022\/05\/15\/ish-kryeministri-sali-berisha-deklaron-nje-beteje-te-re\/","title":{"rendered":"Ish kryeministri Sali Berisha\u00a0 deklaron nj\u00eb betej\u00eb t\u00eb re."},"content":{"rendered":"<p>N\u00eb vazhd\u00ebn e takimeve q\u00eb po zhvillon me demokrat\u00ebt p\u00ebr zgjedhjen e kryetarit t\u00eb Partis\u00eb Demokratike Sali Berisha deklaroi sot nga Shkodra:<br \/>\n&#8220;Vot\u00ebn tuaj dhe t\u00eb demokrat\u00ebve nuk e k\u00ebrkoj absolutisht p\u00ebr asgj\u00eb p\u00ebr at\u00eb q\u00eb kemi realizuar para k\u00ebsaj kohe. E k\u00ebrkoj p\u00ebr nj\u00eb betej\u00eb t\u00eb re, luft\u00eb t\u00eb re, n\u00eb t\u00eb cil\u00ebn ne s\u00eb bashku duhet t\u00eb sh\u00ebnojm\u00eb nj\u00eb kthes\u00eb rr\u00ebnj\u00ebsore n\u00eb k\u00ebt\u00eb vend. Duhet q\u00eb n\u00eb nj\u00eb p\u00ebrpjekje t\u00eb madhe t\u2019i japim p\u00ebrgjigje varf\u00ebrimit t\u00eb shqiptar\u00ebve&#8221;<\/p>\n","protected":false},"excerpt":{"rendered":"<p>N\u00eb vazhd\u00ebn e takimeve q\u00eb po zhvillon me demokrat\u00ebt p\u00ebr zgjedhjen e kryetarit t\u00eb Partis\u00eb Demokratike Sali Berisha deklaroi sot nga Shkodra: &#8220;Vot\u00ebn tuaj dhe t\u00eb demokrat\u00ebve nuk e k\u00ebrkoj absolutisht p\u00ebr asgj\u00eb p\u00ebr at\u00eb q\u00eb kemi realizuar para k\u00ebsaj kohe. E k\u00ebrkoj p\u00ebr nj\u00eb betej\u00eb t\u00eb re, luft\u00eb t\u00eb re, n\u00eb t\u00eb cil\u00ebn ne [&hellip;]<\/p>\n","protected":false},"author":2,"featured_media":3026,"comment_status":"open","ping_status":"open","sticky":false,"template":"","format":"standard","meta":{"footnotes":""},"categories":[9],"tags":[27],"class_list":{"0":"post-3025","1":"post","2":"type-post","3":"status-publish","4":"format-standard","5":"has-post-thumbnail","7":"category-politika","8":"tag-lajme"},"_links":{"self":[{"href":"https:\/\/neutrale.al\/index.php\/wp-json\/wp\/v2\/posts\/3025","targetHints":{"allow":["GET"]}}],"collection":[{"href":"https:\/\/neutrale.al\/index.php\/wp-json\/wp\/v2\/posts"}],"about":[{"href":"https:\/\/neutrale.al\/index.php\/wp-json\/wp\/v2\/types\/post"}],"author":[{"embeddable":true,"href":"https:\/\/neutrale.al\/index.php\/wp-json\/wp\/v2\/users\/2"}],"replies":[{"embeddable":true,"href":"https:\/\/neutrale.al\/index.php\/wp-json\/wp\/v2\/comments?post=3025"}],"version-history":[{"count":1,"href":"https:\/\/neutrale.al\/index.php\/wp-json\/wp\/v2\/posts\/3025\/revisions"}],"predecessor-version":[{"id":3027,"href":"https:\/\/neutrale.al\/index.php\/wp-json\/wp\/v2\/posts\/3025\/revisions\/3027"}],"wp:featuredmedia":[{"embeddable":true,"href":"https:\/\/neutrale.al\/index.php\/wp-json\/wp\/v2\/media\/3026"}],"wp:attachment":[{"href":"https:\/\/neutrale.al\/index.php\/wp-json\/wp\/v2\/media?parent=3025"}],"wp:term":[{"taxonomy":"category","embeddable":true,"href":"https:\/\/neutrale.al\/index.php\/wp-json\/wp\/v2\/categories?post=3025"},{"taxonomy":"post_tag","embeddable":true,"href":"https:\/\/neutrale.al\/index.php\/wp-json\/wp\/v2\/tags?post=3025"}],"curies":[{"name":"wp","href":"https:\/\/api.w.org\/{rel}","templated":true}]}}