{"id":3009,"date":"2022-05-15T21:10:01","date_gmt":"2022-05-15T21:10:01","guid":{"rendered":"https:\/\/neutrale.al\/?p=3009"},"modified":"2022-05-15T21:10:01","modified_gmt":"2022-05-15T21:10:01","slug":"presidenti-qe-s-na-duhet","status":"publish","type":"post","link":"https:\/\/neutrale.al\/index.php\/2022\/05\/15\/presidenti-qe-s-na-duhet\/","title":{"rendered":"Presidenti q\u00eb (s) na duhet !"},"content":{"rendered":"<p>\u00a0 Mbarimi i mandatit t\u00eb Presidentit Meta ka v\u00ebn\u00eb n\u00eb l\u00ebvizje politik\u00ebn shqiptare p\u00ebr t\u00eb zgjedhur presidentin e ri.<br \/>\nK\u00ebtij procesi i sh\u00ebrbeu edhe farsa e iniciuar nga kryeministri dhe kryedemagogu Rama, me t\u00eb ashtuquajtur\u00ebn &#8220;emri n\u00eb zarf&#8221;. Zarf i till\u00eb nuk ishte &#8220;Kutia e Pandor\u00ebs&#8221;, as kishte rebus brenda tij, emocion sigurisht q\u00eb jo. N\u00eb fund t\u00eb fundit, sikurse nj\u00eb mendje e ftoht\u00eb e dinte, ai ishte nj\u00eb zarf bosh.<br \/>\nPartit\u00eb politike, deputet\u00ebt dhe emra t\u00eb tjer\u00eb publik\u00eb u p\u00ebrfshin\u00eb n\u00eb k\u00ebt\u00eb llotari t\u00eb madhe me emra, kritere e specifika.<br \/>\n\u00a0\u00a0 Si gjithmon\u00eb, shoq\u00ebria shqiptare n\u00eb gjith\u00eb nivelet dhe shtresat e saj, n\u00eb dije e n\u00eb padije u p\u00ebrfshin\u00eb aktivisht me propozime e qoka, me kund\u00ebrshti e aprovime, sondazhe e grindje, p\u00ebr t&#8217;i dh\u00ebn\u00eb republik\u00ebs nj\u00eb president.<br \/>\nMedia dhe rrjetet sociale u gjend\u00ebn n\u00eb k\u00ebt\u00eb histeri kolektive duke dashur t\u00eb harronin hallet e p\u00ebrditshm\u00ebris\u00eb s\u00eb jet\u00ebs familjare dhe ekzistenc\u00ebs n\u00eb k\u00ebt\u00eb koh\u00eb krize jete.<br \/>\nK\u00ebta aktor\u00ebt popullor b\u00ebn\u00eb sikur harruan, se n\u00eb fakt nuk kan\u00eb asnj\u00eb rol n\u00eb p\u00ebrcaktimin e kukull\u00ebs presidenciale.<br \/>\n\u00a0\u00a0 Pse kukull ? Kjo \u00ebsht\u00eb pyetja esenciale, por edhe fakti thelb\u00ebsor, nisur nga p\u00ebrjetimi i detyr\u00ebs funksionale t\u00eb &#8220;kreut t\u00eb shtetit&#8221;.<br \/>\nNdryshimet kushtetuese t\u00eb vitit 2008 me dakord\u00ebsin\u00eb e dy forcave kryesore politike, PD dhe PS, kan\u00eb krijuar nj\u00eb kryeminist\u00ebr me fuqi absolute dhe nj\u00eb president anemik.<br \/>\nRastet ku mund t\u00eb ndal\u00ebsh p\u00ebr t\u00eb v\u00ebrtetuar pafuqin\u00eb e presidentit jan\u00eb disa, por m\u00eb dometh\u00ebn\u00ebs \u00ebsht\u00eb dekreti i zgjedhjeve lokale t\u00eb vitit 2019. Presidenti Meta dekretonte, mazhoranca socialiste e rr\u00ebzonte, nuk e p\u00ebrfillte, deri sa e banalizoi titullin shtet\u00ebror dhe emrin personal.<br \/>\n\u00a0 Nisur nga kjo, natyrsh\u00ebm arrihet n\u00eb p\u00ebrfundimin se: Zgjidhni cilin t\u00eb doni !<br \/>\nRepublika e shkelur dhunsh\u00ebm nga ju (s)&#8217;ka nevoj\u00eb p\u00ebr President.<br \/>\nRaundi i par\u00eb p\u00ebr zgjedhjen e Presidentit \u00ebsht\u00eb m\u00eb dt 16 maj dhe parlamenti do t\u00eb mblidhet disa her\u00eb deri sa t\u00eb kuror\u00ebzoi n\u00eb let\u00ebr dhe n\u00eb fakt kreun honorifik t\u00eb shtetit.<br \/>\n\u00a0 Gjithsesi ka nj\u00eb sentenc\u00eb t\u00eb Ronald Regan kur la presidenc\u00ebn dhe po dilte nga Sht\u00ebpia e Bardh\u00eb: &#8221; Ai q\u00eb po hyn n\u00eb k\u00ebto zyra, qoft\u00eb kaq i lumtur sa un\u00eb q\u00eb po dal !&#8221;<\/p>\n","protected":false},"excerpt":{"rendered":"<p>\u00a0 Mbarimi i mandatit t\u00eb Presidentit Meta ka v\u00ebn\u00eb n\u00eb l\u00ebvizje politik\u00ebn shqiptare p\u00ebr t\u00eb zgjedhur presidentin e ri. K\u00ebtij procesi i sh\u00ebrbeu edhe farsa e iniciuar nga kryeministri dhe kryedemagogu Rama, me t\u00eb ashtuquajtur\u00ebn &#8220;emri n\u00eb zarf&#8221;. Zarf i till\u00eb nuk ishte &#8220;Kutia e Pandor\u00ebs&#8221;, as kishte rebus brenda tij, emocion sigurisht q\u00eb jo. [&hellip;]<\/p>\n","protected":false},"author":2,"featured_media":3010,"comment_status":"open","ping_status":"open","sticky":false,"template":"","format":"standard","meta":{"footnotes":""},"categories":[2,9],"tags":[27],"class_list":{"0":"post-3009","1":"post","2":"type-post","3":"status-publish","4":"format-standard","5":"has-post-thumbnail","7":"category-opinione","8":"category-politika","9":"tag-lajme"},"_links":{"self":[{"href":"https:\/\/neutrale.al\/index.php\/wp-json\/wp\/v2\/posts\/3009","targetHints":{"allow":["GET"]}}],"collection":[{"href":"https:\/\/neutrale.al\/index.php\/wp-json\/wp\/v2\/posts"}],"about":[{"href":"https:\/\/neutrale.al\/index.php\/wp-json\/wp\/v2\/types\/post"}],"author":[{"embeddable":true,"href":"https:\/\/neutrale.al\/index.php\/wp-json\/wp\/v2\/users\/2"}],"replies":[{"embeddable":true,"href":"https:\/\/neutrale.al\/index.php\/wp-json\/wp\/v2\/comments?post=3009"}],"version-history":[{"count":1,"href":"https:\/\/neutrale.al\/index.php\/wp-json\/wp\/v2\/posts\/3009\/revisions"}],"predecessor-version":[{"id":3011,"href":"https:\/\/neutrale.al\/index.php\/wp-json\/wp\/v2\/posts\/3009\/revisions\/3011"}],"wp:featuredmedia":[{"embeddable":true,"href":"https:\/\/neutrale.al\/index.php\/wp-json\/wp\/v2\/media\/3010"}],"wp:attachment":[{"href":"https:\/\/neutrale.al\/index.php\/wp-json\/wp\/v2\/media?parent=3009"}],"wp:term":[{"taxonomy":"category","embeddable":true,"href":"https:\/\/neutrale.al\/index.php\/wp-json\/wp\/v2\/categories?post=3009"},{"taxonomy":"post_tag","embeddable":true,"href":"https:\/\/neutrale.al\/index.php\/wp-json\/wp\/v2\/tags?post=3009"}],"curies":[{"name":"wp","href":"https:\/\/api.w.org\/{rel}","templated":true}]}}