{"id":2932,"date":"2022-05-08T19:00:55","date_gmt":"2022-05-08T19:00:55","guid":{"rendered":"https:\/\/neutrale.al\/?p=2932"},"modified":"2022-05-08T19:01:33","modified_gmt":"2022-05-08T19:01:33","slug":"a-po-planifikon-rama-arrestimin-e-berishes-dhe-metes","status":"publish","type":"post","link":"https:\/\/neutrale.al\/index.php\/2022\/05\/08\/a-po-planifikon-rama-arrestimin-e-berishes-dhe-metes\/","title":{"rendered":"A po planifikon Rama arrestimin e Berish\u00ebs dhe Met\u00ebs?"},"content":{"rendered":"<p>Edi Rama nuk po planifikon t\u00eb arrestoj\u00eb Sali Berish\u00ebn ashtu sikurse i b\u00ebri thirrje SPAK nga asambleja socialiste. Tani p\u00ebr tani ai nuk ka plan t\u00eb till\u00eb as p\u00ebr Ilir Met\u00ebn, q\u00eb e p\u00ebrcaktoi si njeriun q\u00eb gjith\u00eb shqiptar\u00ebt duan ta shohin p\u00ebrpara drejt\u00ebsis\u00eb.<\/p>\n<p>Aq m\u00eb pak i interesojn\u00eb gjyqtar\u00ebt dhe prokuror\u00ebt, t\u00eb cil\u00ebt vettingu i nxori nga sistemi, por drejt\u00ebsia e re po i lejon tu g\u00ebzohen, si qytetar\u00eb t\u00eb lir\u00eb, favoreve t\u00eb trash\u00ebguara nga e shkuara.<\/p>\n<p>Kushdo q\u00eb e nj\u00ebh sadopak karier\u00ebn politike t\u00eb Edi Ram\u00ebs e ka t\u00eb qart\u00eb se ai \u00ebsht\u00eb gati manjak n\u00eb mosl\u00ebnien e gjurm\u00ebve n\u00eb zezonat q\u00eb projekton. Motoja hidh gurin e fshih dor\u00ebn \u00ebsht\u00eb nj\u00eb nga devizat e tij politike, nj\u00ebsoj sikurse ka b\u00ebr\u00eb me shum\u00eb akte madhore t\u00eb qeveris\u00eb s\u00eb k\u00ebtyre 9 vjet\u00ebve, p\u00ebr t\u00eb cilat n\u00eb fund ka v\u00ebn\u00eb t\u00eb n\u00ebnshkruajn\u00eb zv kryeministrat.<\/p>\n<p>Pra, n\u00ebse vertet do t\u00eb qe duke planifikuar ndonj\u00eb nd\u00ebshkim juridik p\u00ebr rival\u00ebt e vet politik\u00eb ai nuk do ta b\u00ebrtiste me t\u00eb madhe nevoj\u00ebn e hetimeve p\u00ebr Berish\u00ebn dhe Met\u00ebn, ashtu sikurse b\u00ebri t\u00eb shtun\u00ebn e shkuar n\u00eb mbledhjen e partis\u00eb s\u00eb tij. Ai do t\u00eb vepronte n\u00ebn rrogoz n\u00ebse do t\u00eb kishte v\u00ebrtet k\u00ebt\u00eb q\u00ebllim\u2026<\/p>\n<p>Po at\u00ebher\u00eb pyetjet q\u00eb shtrohen jan\u00eb: pse l\u00ebshoi kryeministri t\u00eb gjitha ato batare ndaj SPAK? Pse veshi kostumin aspak komod p\u00ebr nj\u00eb lider demokrat, t\u00eb atij q\u00eb sulmon \u201cdrejt\u00ebsin\u00eb e pavarur\u201d? Pse preferoi t\u00eb b\u00ebj\u00eb rolin e viktim\u00ebs duke u ankuar se prokuror\u00ebt dhe gjykat\u00ebsit special\u00eb po gjuajn\u00eb vet\u00ebm nj\u00eb lloj peshku, duke harruar peshkaqen\u00ebt?<\/p>\n<p>Shum\u00eb gazetar\u00eb, kritik\u00eb t\u00eb qeveris\u00eb e mbi t\u00eb gjitha opozitar\u00eb, foltorist\u00eb apo anti-berishist\u00eb qofshin, e shpjeguan k\u00ebt\u00eb skandal n\u00eb komunikimin publik t\u00eb shefit t\u00eb qeveris\u00eb me frik\u00ebn e tij se mos SPAK del nga kontrolli dhe vazhdon e prangos ndonj\u00eb nga ministrat e tij p\u00ebr afera si ajo e incenerator\u00ebve. Sipas tyre, njer\u00ebzit e kryeministrit jan\u00eb t\u00eb p\u00ebrfshir\u00eb n\u00eb aq shum\u00eb skandale apo grabitje, sa popullimi i burgjeve me ta shton probabilitetin q\u00eb dikush t\u00eb pendohet apo t\u00eb rr\u00ebfehet.<\/p>\n<p>Logjikisht nj\u00eb pandehm\u00eb e till\u00eb ka nj\u00eb baz\u00eb reale. Duke u hequr si lideri i nj\u00eb shumice t\u00eb cil\u00ebs po i bihet n\u00eb qaf\u00eb, duke n\u00ebnvizuar asimetrin\u00eb n\u00eb goditejen e korrupsionit t\u00eb rilindasve dhe harrimin e pushtetit t\u00eb vjet\u00ebr, shefi i qeveris\u00eb ushtron nj\u00eb lloj trysnie. Dhe n\u00ebse sadopak ajo ndikon q\u00eb prokuror\u00ebt t\u00eb mos nd\u00ebrmarrin ndonj\u00eb veprim t\u00eb ri, apo nd\u00ebrkomb\u00ebtar\u00ebt t\u00eb mos rrisin presionin p\u00ebr arrestime t\u00eb tjera, ky do t\u00eb qe nj\u00eb efekt kolateral q\u00eb Rama do e mir\u00ebpriste.<\/p>\n<p>Por, praktikisht nuk \u00ebsht\u00eb k\u00ebshtu. Pandehma e shum\u00eb opozitar\u00ebve se kryeministri vepron k\u00ebshtu nga frika \u00ebsht\u00eb paradoksale. Ajo bie ndesh me akuzat dhe bindjen e predikuar prej tyre se, n\u00eb fakt, ai e ka kapur dhe e kontrollon drejt\u00ebsin\u00eb.<\/p>\n<p>Kujt rr\u00ebfimi i duhet besuar, atij t\u00eb nj\u00eb autokrati q\u00eb e ka tredhur SPAK-un, apo atij t\u00eb nj\u00eb demokrati q\u00eb tutet nga ligji?<\/p>\n<p>Historia e deritanishme i jep t\u00eb drejt\u00eb rr\u00ebfimit t\u00eb par\u00eb. SPAK i ka sh\u00ebrbyer pushtetit si nj\u00eb qen besnik. Duke hequr nga duart dosjet vjedhjes s\u00eb votave n\u00eb Durr\u00ebs e Dib\u00ebr; duke mbyllur me nj\u00eb paturp\u00ebsi ul\u00ebrit\u00ebse skandalin e grabitjes t\u00eb t\u00eb dh\u00ebnave t\u00eb 900 mij\u00eb qytetar\u00ebve shqiptar\u00eb; duke mos hetuar krimin e p\u00ebrgjaksh\u00ebm elektoral t\u00eb Elbasanit, madje duke pranuar n\u00eb gjirin e vet prokurorin q\u00eb fshehu provat e krimit p\u00ebr t\u00eb mbrojtur PS-n\u00eb, ai i ka dh\u00ebn\u00eb tashm\u00eb provat e n\u00ebnshtrimit. Edhe n\u00eb ndonj\u00eb arrestim t\u00eb bujsh\u00ebm, si ai i ish ministrit Koka apo ato t\u00eb tenderit t\u00eb uniformave, prokuror\u00ebt politik\u00eb qen\u00eb kujdesur ta informonin shum\u00eb m\u00eb par\u00eb pushtetin, n\u00eb m\u00ebnyr\u00eb q\u00eb ti shkaktonin sa m\u00eb pak d\u00ebme atij. Pra, gjendja \u00ebsht\u00eb e qart\u00eb: Rama e ka n\u00ebn kontroll SPAK-un p\u00ebr \u00e7\u00ebshtjet e m\u00ebdha dhe i lejon atij ta nxjerri k\u00ebmb\u00ebn nga rrethi duke i hedhur ndonj\u00eb viktim\u00eb t\u00eb pambrojtshme.<\/p>\n<p>Po at\u00ebher\u00eb kthehemi tek pyetja fillestare: pse i duhet ta sulmoj\u00eb nj\u00eb organiz\u00ebm q\u00eb e ka n\u00ebn kontroll?<\/p>\n<p>P\u00ebrgjigjja \u00ebsht\u00eb e thjesht\u00eb: pik\u00ebrisht p\u00ebr t\u00eb krijuar iden\u00eb e kund\u00ebrt. P\u00ebr t\u00eb krijuar tek nd\u00ebkomb\u00ebtar\u00ebt dhe shqiptar\u00ebt alibin\u00eb se \u201cheronjt\u00eb e f\u00ebmij\u00ebve tan\u00eb\u201d nuk jan\u00eb levat besnike t\u00eb nj\u00eb pushteti t\u00eb korruptuar. Po t\u00eb d\u00ebgjosh me v\u00ebmendje fjalimin e kryeministrit n\u00eb asamblen\u00eb e socialist\u00ebve, ai p\u00ebrshkruhet i gjithi nga ankesa ndaj padrejt\u00ebsis\u00eb. Aty jepet tabloja e rilindasve t\u00eb m\u00ebrzitur q\u00eb akuzojn\u00eb shefin e tyre se SPAK po tregohet selektiv duke goditur vet\u00ebm ata, aty shtjellohet ideja se t\u00eb gjith\u00eb krimet e kund\u00ebrshtar\u00ebve politik\u00eb mbeten t\u00eb pa hetuara, aty edhe njer\u00ebzit e drejt\u00ebsis\u00eb ndahen n\u00eb blu dhe mavi, sipas gadishm\u00ebris\u00eb t\u00eb prokuror\u00ebve p\u00ebr ty marr\u00eb me ta.<\/p>\n<p>K\u00ebsaj alibie i sh\u00ebrben edhe thirrja e vrazhd\u00eb \u201cmjaft u mor\u00ebt me ne, tani \u00ebsht\u00eb koha t\u00eb hetoni Met\u00ebn dhe Berish\u00ebn\u201d. Sa do q\u00eb n\u00eb pamje t\u00eb par\u00eb kjo fraz\u00eb duket k\u00ebrc\u00ebnuese, theksi real i saj \u00ebsht\u00eb manipulativ. Ai nuk shenjon burgun, por do t\u00eb instaloj\u00eb iden\u00eb e pafuqis\u00eb t\u00eb Ram\u00ebs mbi SPAK. Dhe duhet pranuar se deri diku ia ka arritur q\u00ebllimit me sukses. Shumica e kritik\u00ebve t\u00eb kryeministrit, q\u00eb prej t\u00eb shtun\u00ebs, m\u00eb shum\u00eb po komentojn\u00eb frik\u00ebn e tij imagjinare nga prokuroria e posa\u00e7me, sesa kapjen reale t\u00eb saj nga qeveria.\/ Lapsi.al\/ <\/p>\n","protected":false},"excerpt":{"rendered":"<p>Edi Rama nuk po planifikon t\u00eb arrestoj\u00eb Sali Berish\u00ebn ashtu sikurse i b\u00ebri thirrje SPAK nga asambleja socialiste. Tani p\u00ebr tani ai nuk ka plan t\u00eb till\u00eb as p\u00ebr Ilir Met\u00ebn, q\u00eb e p\u00ebrcaktoi si njeriun q\u00eb gjith\u00eb shqiptar\u00ebt duan ta shohin p\u00ebrpara drejt\u00ebsis\u00eb. Aq m\u00eb pak i interesojn\u00eb gjyqtar\u00ebt dhe prokuror\u00ebt, t\u00eb cil\u00ebt vettingu [&hellip;]<\/p>\n","protected":false},"author":1,"featured_media":2935,"comment_status":"open","ping_status":"open","sticky":false,"template":"","format":"standard","meta":{"footnotes":""},"categories":[114,2,9],"tags":[115],"class_list":{"0":"post-2932","1":"post","2":"type-post","3":"status-publish","4":"format-standard","5":"has-post-thumbnail","7":"category-editorial","8":"category-opinione","9":"category-politika","10":"tag-kryesore"},"_links":{"self":[{"href":"https:\/\/neutrale.al\/index.php\/wp-json\/wp\/v2\/posts\/2932","targetHints":{"allow":["GET"]}}],"collection":[{"href":"https:\/\/neutrale.al\/index.php\/wp-json\/wp\/v2\/posts"}],"about":[{"href":"https:\/\/neutrale.al\/index.php\/wp-json\/wp\/v2\/types\/post"}],"author":[{"embeddable":true,"href":"https:\/\/neutrale.al\/index.php\/wp-json\/wp\/v2\/users\/1"}],"replies":[{"embeddable":true,"href":"https:\/\/neutrale.al\/index.php\/wp-json\/wp\/v2\/comments?post=2932"}],"version-history":[{"count":1,"href":"https:\/\/neutrale.al\/index.php\/wp-json\/wp\/v2\/posts\/2932\/revisions"}],"predecessor-version":[{"id":2934,"href":"https:\/\/neutrale.al\/index.php\/wp-json\/wp\/v2\/posts\/2932\/revisions\/2934"}],"wp:featuredmedia":[{"embeddable":true,"href":"https:\/\/neutrale.al\/index.php\/wp-json\/wp\/v2\/media\/2935"}],"wp:attachment":[{"href":"https:\/\/neutrale.al\/index.php\/wp-json\/wp\/v2\/media?parent=2932"}],"wp:term":[{"taxonomy":"category","embeddable":true,"href":"https:\/\/neutrale.al\/index.php\/wp-json\/wp\/v2\/categories?post=2932"},{"taxonomy":"post_tag","embeddable":true,"href":"https:\/\/neutrale.al\/index.php\/wp-json\/wp\/v2\/tags?post=2932"}],"curies":[{"name":"wp","href":"https:\/\/api.w.org\/{rel}","templated":true}]}}