{"id":2926,"date":"2022-05-08T18:56:32","date_gmt":"2022-05-08T18:56:32","guid":{"rendered":"https:\/\/neutrale.al\/?p=2926"},"modified":"2022-05-08T18:56:32","modified_gmt":"2022-05-08T18:56:32","slug":"kryemadhi-takim-me-gjimnaziste-ne-tirane-lsi-e-dedikuar-ti-garantojme-rinise-shqiptare-nje-alternative-tjeter","status":"publish","type":"post","link":"https:\/\/neutrale.al\/index.php\/2022\/05\/08\/kryemadhi-takim-me-gjimnaziste-ne-tirane-lsi-e-dedikuar-ti-garantojme-rinise-shqiptare-nje-alternative-tjeter\/","title":{"rendered":"Kryemadhi takim me gjimnazist\u00eb n\u00eb Tiran\u00eb: LSI e dedikuar t\u2019i garantojm\u00eb rinis\u00eb shqiptare nj\u00eb alternativ\u00eb tjet\u00ebr"},"content":{"rendered":"<p>Kryetarja e L\u00ebvizjes Socialiste p\u00ebr Integrim, Monika Kryemadhi, ka zhvilluar nj\u00eb takim me nj\u00eb grup gjimnazist\u00ebsh n\u00eb Tiran\u00eb.<\/p>\n<p>Kryemadhi shprehet se \u201cn\u00eb vend t\u00eb qeverisjes shpopulluese\u201d, LSI \u00ebsht\u00eb dedikuar t\u2019i \u201cgarantojm\u00eb rinis\u00eb shqiptare nj\u00eb alternativ\u00eb tjet\u00ebr, duke form\u00ebsuar nj\u00eb opozit\u00eb t\u00eb v\u00ebrtet\u00eb, me zgjidhje konkrete p\u00ebr sfidat aktuale dhe ato t\u00eb s\u00eb nes\u00ebrmes\u201d.<\/p>\n<p>Reagimi i plot\u00eb<\/p>\n<p>Gjenerata e re nuk mund t\u00eb mbetet peng i qeverisjes s\u00eb interesave t\u00eb ngushta.  D\u00ebgjova me v\u00ebmendje dit\u00ebn e djeshme z\u00ebrin e gjimnazist\u00ebve t\u00eb Tiran\u00ebs, n\u00eb lidhje me cil\u00ebsin\u00eb e arsimit q\u00eb ata marrin, procesin e matur\u00ebs shtet\u00ebrore, ndjenjat e tyre p\u00ebr Shqip\u00ebrin\u00eb dhe t\u00eb ardhmen e saj.<\/p>\n<p>Jemi t\u00eb dedikuar, q\u00eb n\u00eb vend t\u00eb qeverisjes shpopulluese, t\u2019i garantojm\u00eb rinis\u00eb shqiptare nj\u00eb alternativ\u00eb tjet\u00ebr, duke form\u00ebsuar nj\u00eb opozit\u00eb t\u00eb v\u00ebrtet\u00eb, me zgjidhje konkrete p\u00ebr sfidat aktuale dhe ato t\u00eb s\u00eb nes\u00ebrmes. Shpopullimi nuk do t\u00eb jet\u00eb kurr\u00eb, fati i vendit me bukurit\u00eb dhe rinin\u00eb m\u00eb t\u00eb mrekullueshme!<\/p>\n","protected":false},"excerpt":{"rendered":"<p>Kryetarja e L\u00ebvizjes Socialiste p\u00ebr Integrim, Monika Kryemadhi, ka zhvilluar nj\u00eb takim me nj\u00eb grup gjimnazist\u00ebsh n\u00eb Tiran\u00eb. Kryemadhi shprehet se \u201cn\u00eb vend t\u00eb qeverisjes shpopulluese\u201d, LSI \u00ebsht\u00eb dedikuar t\u2019i \u201cgarantojm\u00eb rinis\u00eb shqiptare nj\u00eb alternativ\u00eb tjet\u00ebr, duke form\u00ebsuar nj\u00eb opozit\u00eb t\u00eb v\u00ebrtet\u00eb, me zgjidhje konkrete p\u00ebr sfidat aktuale dhe ato t\u00eb s\u00eb nes\u00ebrmes\u201d. Reagimi i [&hellip;]<\/p>\n","protected":false},"author":1,"featured_media":2927,"comment_status":"open","ping_status":"open","sticky":false,"template":"","format":"standard","meta":{"footnotes":""},"categories":[9],"tags":[],"class_list":{"0":"post-2926","1":"post","2":"type-post","3":"status-publish","4":"format-standard","5":"has-post-thumbnail","7":"category-politika"},"_links":{"self":[{"href":"https:\/\/neutrale.al\/index.php\/wp-json\/wp\/v2\/posts\/2926","targetHints":{"allow":["GET"]}}],"collection":[{"href":"https:\/\/neutrale.al\/index.php\/wp-json\/wp\/v2\/posts"}],"about":[{"href":"https:\/\/neutrale.al\/index.php\/wp-json\/wp\/v2\/types\/post"}],"author":[{"embeddable":true,"href":"https:\/\/neutrale.al\/index.php\/wp-json\/wp\/v2\/users\/1"}],"replies":[{"embeddable":true,"href":"https:\/\/neutrale.al\/index.php\/wp-json\/wp\/v2\/comments?post=2926"}],"version-history":[{"count":1,"href":"https:\/\/neutrale.al\/index.php\/wp-json\/wp\/v2\/posts\/2926\/revisions"}],"predecessor-version":[{"id":2928,"href":"https:\/\/neutrale.al\/index.php\/wp-json\/wp\/v2\/posts\/2926\/revisions\/2928"}],"wp:featuredmedia":[{"embeddable":true,"href":"https:\/\/neutrale.al\/index.php\/wp-json\/wp\/v2\/media\/2927"}],"wp:attachment":[{"href":"https:\/\/neutrale.al\/index.php\/wp-json\/wp\/v2\/media?parent=2926"}],"wp:term":[{"taxonomy":"category","embeddable":true,"href":"https:\/\/neutrale.al\/index.php\/wp-json\/wp\/v2\/categories?post=2926"},{"taxonomy":"post_tag","embeddable":true,"href":"https:\/\/neutrale.al\/index.php\/wp-json\/wp\/v2\/tags?post=2926"}],"curies":[{"name":"wp","href":"https:\/\/api.w.org\/{rel}","templated":true}]}}