{"id":2921,"date":"2022-05-08T18:51:45","date_gmt":"2022-05-08T18:51:45","guid":{"rendered":"https:\/\/neutrale.al\/?p=2921"},"modified":"2022-05-08T19:03:05","modified_gmt":"2022-05-08T19:03:05","slug":"ju-thate-kurre-me-por-e-harruat-shpejt-zelensky-perkujton-fundin-e-luftes-se-dyte-boterore","status":"publish","type":"post","link":"https:\/\/neutrale.al\/index.php\/2022\/05\/08\/ju-thate-kurre-me-por-e-harruat-shpejt-zelensky-perkujton-fundin-e-luftes-se-dyte-boterore\/","title":{"rendered":"\u201cJu that\u00eb \u2018kurr\u00eb m\u00eb\u2019, por e harruat shpejt\u201c\/ Zelensky p\u00ebrkujton fundin e Luft\u00ebs s\u00eb Dyt\u00eb Bot\u00ebrore"},"content":{"rendered":"<p>Presidenti Zelenskiy e ka krahasuar pushtimin e Ukrain\u00ebs nga Putini me veprimet e nazist\u00ebve n\u00eb Luft\u00ebn e Dyt\u00eb Bot\u00ebrore , teksa Ukraina sh\u00ebnon 8 majin Dit\u00ebn e Kujtimit dhe Pajtimit.<\/p>\n<p>Fjalimi i plote i Presidentit Zelensky<\/p>\n<p>A mund t\u00eb jet\u00eb pranvera bardh e zi? A ka shkurt t\u00eb p\u00ebrjetsh\u00ebm? A zhvler\u00ebsohen fjal\u00ebt e arta? Fatkeq\u00ebsisht, Ukraina i di p\u00ebrgjigjet p\u00ebr t\u00eb gjitha k\u00ebto pyetje. Fatkeq\u00ebsisht, p\u00ebrgjigjet jan\u00eb \u201cpo\u201d.<\/p>\n<p>\u00c7do vit m\u00eb 8 maj, s\u00eb bashku me gjith\u00eb bot\u00ebn e qytet\u00ebruar, ne nderojm\u00eb t\u00eb gjith\u00eb ata q\u00eb mbrojt\u00ebn planetin nga nazizmi gjat\u00eb Luft\u00ebs s\u00eb Dyt\u00eb Bot\u00ebrore. Miliona jet\u00eb t\u00eb humbura, fate t\u00eb gjymtuara, shpirtra t\u00eb torturuar dhe miliona arsye p\u00ebr t\u2019i th\u00ebn\u00eb t\u00eb keqes: kurr\u00eb m\u00eb!<\/p>\n<p>Ne e dinim \u00e7mimin q\u00eb paraardh\u00ebsit tan\u00eb paguanin p\u00ebr k\u00ebt\u00eb men\u00e7uri. Ne e dinim se sa e r\u00ebnd\u00ebsishme \u00ebsht\u00eb ta ruajm\u00eb at\u00eb dhe t\u2019ua kalojm\u00eb pasardh\u00ebsve. Por nuk e kishim iden\u00eb se brezi yn\u00eb do t\u00eb d\u00ebshmonte p\u00ebrdhosjen e fjal\u00ebve, t\u00eb cilat, si\u00e7 doli, nuk jan\u00eb t\u00eb v\u00ebrteta p\u00ebr t\u00eb gjith\u00eb.<\/p>\n<p>K\u00ebt\u00eb vit ne themi \u201cKurr\u00eb m\u00eb\u201d ndryshe. Ne d\u00ebgjojm\u00eb \u201cKurr\u00eb m\u00eb\u201d ndryshe. Ting\u00ebllon e dhimbshme, mizore. Pa pasthirrm\u00eb, por me pik\u00ebpyetje. Ju thoni: kurr\u00eb m\u00eb? Tregojini Ukrain\u00ebs p\u00ebr k\u00ebt\u00eb.<\/p>\n<p>M\u00eb 24 shkurt, fjala \u201ckurr\u00eb\u201d u fshi. T\u00eb q\u00eblluar dhe bombarduar. Me qindra raketa n\u00eb or\u00ebn 4 t\u00eb m\u00ebngjesit, t\u00eb cilat zgjuan t\u00eb gjith\u00eb Ukrain\u00ebn. D\u00ebgjuam shp\u00ebrthime t\u00eb tmerrshme. D\u00ebgjuam: p\u00ebrs\u00ebri!<\/p>\n<p>Qyteti i Borodyanka \u00ebsht\u00eb nj\u00eb nga viktimat e shumta t\u00eb k\u00ebtij krimi! Pas meje \u00ebsht\u00eb nj\u00eb nga shum\u00eb d\u00ebshmitar\u00eb! Jo nj\u00eb objekt ushtarak, jo nj\u00eb baz\u00eb sekrete, por nj\u00eb nd\u00ebrtes\u00eb e thjesht\u00eb n\u00ebnt\u00ebkat\u00ebshe. A mund t\u00eb p\u00ebrb\u00ebj\u00eb nj\u00eb k\u00ebrc\u00ebnim sigurie p\u00ebr Rusin\u00eb, p\u00ebr 1\/8 e tok\u00ebs, ushtris\u00eb s\u00eb dyt\u00eb n\u00eb bot\u00eb, nj\u00eb shtet b\u00ebrthamor? A mund t\u00eb jet\u00eb di\u00e7ka m\u00eb absurde se kjo pyetje? Mundet.<\/p>\n<p>Bomba shp\u00ebrthyese 250 kg, me t\u00eb cilat superfuqia granatoi k\u00ebt\u00eb qytet t\u00eb vog\u00ebl. Dhe u mpi. Nuk mund t\u00eb thuhet sot: kurr\u00eb m\u00eb! Nuk mund t\u00eb thot\u00eb asgj\u00eb sot. Por k\u00ebtu gjith\u00e7ka \u00ebsht\u00eb e qart\u00eb pa fjal\u00eb.<\/p>\n<p>Vet\u00ebm shikoni k\u00ebt\u00eb sht\u00ebpi. Dikur k\u00ebtu ka pasur mure. Dikur kishin foto mbi to. Dhe n\u00eb foto kishte nga ata q\u00eb dikur kaluan ferrin e luft\u00ebs. Pes\u00ebdhjet\u00eb burra q\u00eb u d\u00ebrguan n\u00eb Gjermani p\u00ebr pun\u00eb t\u00eb detyruar. Ata q\u00eb u dogj\u00ebn t\u00eb gjall\u00eb kur nazist\u00ebt dogj\u00ebn m\u00eb shum\u00eb se 100 sht\u00ebpi k\u00ebtu.<\/p>\n<p>250 ushtar\u00eb q\u00eb vdiq\u00ebn n\u00eb frontet e Luft\u00ebs s\u00eb Dyt\u00eb Bot\u00ebrore dhe gjithsej pothuajse 1000 banor\u00eb t\u00eb Borodyanka q\u00eb luftuan dhe mund\u00ebn nazizmin. P\u00ebr t\u00eb siguruar: kurr\u00eb m\u00eb. Ata luftuan p\u00ebr t\u00eb ardhmen e f\u00ebmij\u00ebve, p\u00ebr jet\u00ebn q\u00eb ishte k\u00ebtu deri m\u00eb 24 shkurt.<\/p>\n<p>Imagjinoni njer\u00ebzit q\u00eb shkojn\u00eb n\u00eb shtrat n\u00eb secilin prej k\u00ebtyre apartamenteve. Ata i urojn\u00eb nj\u00ebri-tjetrit nat\u00ebn e mir\u00eb. Fike driten. P\u00ebrqafoni t\u00eb dashurit e tyre. Mbyllni syt\u00eb. Ata \u00ebnd\u00ebrrojn\u00eb p\u00ebr di\u00e7ka. Ka heshtje t\u00eb plot\u00eb. Ata t\u00eb gjith\u00eb bien n\u00eb gjum\u00eb, pa e ditur se jo t\u00eb gjith\u00eb do t\u00eb zgjohen. Ata flen\u00eb t\u00eb qet\u00eb. Ata kan\u00eb nj\u00eb \u00ebnd\u00ebrr p\u00ebr di\u00e7ka t\u00eb k\u00ebndshme. Por n\u00eb pak or\u00eb ata do t\u00eb zgjohen nga shp\u00ebrthimet e raketave. Dhe dikush nuk do t\u00eb zgjohet m\u00eb kurr\u00eb. Kurr\u00eb m\u00eb.<\/p>\n<p>Fjala \u201ckurr\u00eb\u201d u hoq nga ky slogan. Amputuar gjat\u00eb t\u00eb ashtuquajturit operacion special. Ata godit\u00ebn nj\u00eb thik\u00eb n\u00eb zem\u00ebr dhe, duke par\u00eb n\u00eb sy, than\u00eb: \u201cNuk jemi ne!\u201d I torturuar me fjal\u00ebt \u201cjo gjith\u00e7ka \u00ebsht\u00eb aq e paqart\u00eb\u201d. Vrau \u201cKurr\u00eb m\u00eb\u201d, duke th\u00ebn\u00eb: \u201cNe mund t\u00eb p\u00ebrs\u00ebrisim\u201d.<\/p>\n<p>Dhe k\u00ebshtu ndodhi. Dhe p\u00ebrbind\u00ebshat filluan t\u00eb p\u00ebrs\u00ebrisin. Dhe qytetet tona, t\u00eb cilat i mbijetuan nj\u00eb pushtimi kaq t\u00eb urryer, sa 80 vjet nuk mjaftojn\u00eb p\u00ebr ta harruar, e pan\u00eb s\u00ebrish okupatorin. Dhe mor\u00ebn dat\u00ebn e dyt\u00eb t\u00eb pushtimit n\u00eb historin\u00eb e tyre. Dhe disa qytete, si Mariupol, mor\u00ebn t\u00eb tretin. Gjat\u00eb dy viteve t\u00eb pushtimit, nazist\u00ebt vran\u00eb 10,000 civil\u00eb atje. N\u00eb dy muaj pushtim, Rusia vrau 20,000.<\/p>\n<p>Dekada pas Luft\u00ebs s\u00eb Dyt\u00eb Bot\u00ebrore, err\u00ebsira u kthye n\u00eb Ukrain\u00eb. Dhe u b\u00eb p\u00ebrs\u00ebri bardh e zi. P\u00ebrs\u00ebri! E keqja \u00ebsht\u00eb kthyer. P\u00ebrs\u00ebri! Me uniform\u00eb t\u00eb ndryshme, me slogane t\u00eb ndryshme, por p\u00ebr t\u00eb nj\u00ebjtin q\u00ebllim. N\u00eb Ukrain\u00eb u organizua nj\u00eb rind\u00ebrtim i p\u00ebrgjaksh\u00ebm i nazizmit. Nj\u00eb p\u00ebrs\u00ebritje fanatike e k\u00ebtij regjimi. Idet\u00eb, veprimet, fjal\u00ebt dhe simbolet e tij. Riprodhimi i detajuar maniakal i mizorive dhe \u201calibis\u00eb\u201d s\u00eb tij, t\u00eb cilat gjoja japin nj\u00eb q\u00ebllim t\u00eb shenjt\u00eb t\u00eb lig. P\u00ebrs\u00ebritja e krimeve t\u00eb saj, madje edhe p\u00ebrpjekjet p\u00ebr t\u00eb tejkaluar \u201cm\u00ebsuesin\u201d dhe p\u00ebr ta larguar at\u00eb nga piedestali i s\u00eb keqes m\u00eb t\u00eb madhe n\u00eb historin\u00eb njer\u00ebzore. Vendosni nj\u00eb rekord t\u00eb ri bot\u00ebror p\u00ebr ksenofobin\u00eb, urrejtjen, racizmin dhe numrin e viktimave q\u00eb mund t\u00eb shkaktojn\u00eb.<\/p>\n<p>Kurr\u00eb m\u00eb! Ishte nj\u00eb od\u00eb e nj\u00eb njeriu t\u00eb men\u00e7ur! Himni i bot\u00ebs s\u00eb qytet\u00ebruar! Por dikush k\u00ebndoi jasht\u00eb mendjes. E shtremb\u00ebruar \u201cKurr\u00eb m\u00eb\u201d me sh\u00ebnime dyshimi. Heshti, duke filluar arin\u00eb e tij vdekjeprur\u00ebse t\u00eb s\u00eb keqes. Dhe kjo \u00ebsht\u00eb e qart\u00eb p\u00ebr t\u00eb gjitha vendet q\u00eb kan\u00eb par\u00eb tmerret e nazizmit me syt\u00eb e tyre. Dhe sot ata po p\u00ebrjetojn\u00eb nj\u00eb deja vu t\u00eb tmerrshme. Shihni p\u00ebrs\u00ebri!<\/p>\n<p>T\u00eb gjith\u00eb kombet q\u00eb jan\u00eb cil\u00ebsuar si \u201ct\u00eb klas\u00ebs s\u00eb tret\u00eb\u201d, skllev\u00ebr pa t\u00eb drejt\u00ebn e shtetit t\u00eb tyre apo t\u00eb ekzistenc\u00ebs fare d\u00ebgjojn\u00eb deklarata q\u00eb lart\u00ebsojn\u00eb nj\u00eb komb dhe fshijn\u00eb t\u00eb tjer\u00ebt me leht\u00ebsi. Ata pretendojn\u00eb se nuk ekziston n\u00eb t\u00eb v\u00ebrtet\u00eb, je krijuar artificialisht dhe p\u00ebr k\u00ebt\u00eb arsye nuk ke t\u00eb drejta. T\u00eb gjith\u00eb d\u00ebgjojn\u00eb gjuh\u00ebn e s\u00eb keqes. P\u00ebrs\u00ebri!<\/p>\n<p>Dhe s\u00eb bashku ata pranojn\u00eb t\u00eb v\u00ebrtet\u00ebn e dhimbshme: nuk i kemi rezistuar as nj\u00eb shekulli. Kurr\u00eb m\u00eb nuk na mjaftoi p\u00ebr 77 vjet. Na mungonte e keqja. U rilind. P\u00ebrs\u00ebri dhe tani!<\/p>\n<p>K\u00ebt\u00eb e kuptojn\u00eb t\u00eb gjitha vendet dhe kombet q\u00eb mb\u00ebshtesin Ukrain\u00ebn sot. Dhe pavar\u00ebsisht mask\u00ebs s\u00eb re t\u00eb bish\u00ebs, ata e njoh\u00ebn at\u00eb. Sepse, ndryshe nga disa, ata kujtojn\u00eb se \u00e7far\u00eb luftuan paraardh\u00ebsit tan\u00eb p\u00ebr dhe kund\u00ebr. Nuk e ngat\u00ebrruan t\u00eb par\u00ebn me t\u00eb dyt\u00ebn, nuk ndryshuan vendet, nuk harruan.<\/p>\n<p>Nuk harruan polak\u00ebt, n\u00eb tok\u00ebn e t\u00eb cil\u00ebve nazist\u00ebt filluan marshimin e tyre dhe q\u00eblluan t\u00eb sht\u00ebn\u00ebn e par\u00eb t\u00eb Luft\u00ebs s\u00eb Dyt\u00eb Bot\u00ebrore. Mos harro se si e keqja fillimisht t\u00eb akuzon, t\u00eb provokon, t\u00eb quan agresor dhe m\u00eb pas t\u00eb sulmon n\u00eb or\u00ebn 4:45 t\u00eb m\u00ebngjesit duke th\u00ebn\u00eb se \u00ebsht\u00eb vet\u00ebmbrojtje. Dhe ata pan\u00eb se si u p\u00ebrs\u00ebrit n\u00eb tok\u00ebn ton\u00eb. Ata kujtojn\u00eb Varshav\u00ebn e shkat\u00ebrruar nga nazist\u00ebt. Dhe ata shohin se \u00e7far\u00eb i \u00ebsht\u00eb b\u00ebr\u00eb Mariupolit.<\/p>\n<p>Populli britanik nuk harroi sesi nazist\u00ebt fshin\u00eb Coventry, i cili u bombardua 41 her\u00eb. Si ting\u00ebllonte \u201cSonata e drit\u00ebs s\u00eb h\u00ebn\u00ebs\u201d nga Luftwaffe, kur qyteti u bombardua vazhdimisht p\u00ebr 11 or\u00eb. Si u shkat\u00ebrruan qendra e saj historike, fabrikat, Katedralja e Sh\u00ebn M\u00ebhillit. Dhe ata pan\u00eb raketa q\u00eb godit\u00ebn Kharkivin. Si u d\u00ebmtuan qendra e saj historike, fabrikat dhe Katedralja e Supozimit. Ata kujtojn\u00eb se Londra u bombardua p\u00ebr 57 net\u00eb me radh\u00eb. Mos harroni se si V-2 goditi Belfast, Portsmouth, Liverpool. Dhe ata shohin raketa lundrimi q\u00eb godasin Mykolaiv, Kramatorsk, Chernihiv. Ata kujtojn\u00eb se si u bombardua Birmingham. Dhe ata shohin qytetin mot\u00ebr Zaporizhzhia duke u d\u00ebmtuar.<\/p>\n<p>Holandez\u00ebt e mbajn\u00eb mend k\u00ebt\u00eb. Si Roterdami u b\u00eb qyteti i par\u00eb q\u00eb u shkat\u00ebrrua plot\u00ebsisht kur nazist\u00ebt hodh\u00ebn mbi t\u00eb 97 ton\u00eb bomba.<\/p>\n<p>Francez\u00ebt e mbajn\u00eb mend k\u00ebt\u00eb. Kujtoni Oradour-sur-Glane, ku SS dogj\u00ebn t\u00eb gjall\u00eb gjysm\u00eb mij\u00eb gra dhe f\u00ebmij\u00eb. Varje masive n\u00eb Tull\u00eb, masakra n\u00eb fshatin Ascq. Mij\u00ebra njer\u00ebz n\u00eb nj\u00eb tubim rezistence n\u00eb Lille t\u00eb pushtuar. Ata pan\u00eb se \u00e7far\u00eb u b\u00eb n\u00eb Bucha, Irpin, Borodyanka, Volnovakha dhe Trostyanets. Ata shohin pushtimin e Kherson, Melitopol, Berdyansk dhe qytete t\u00eb tjera ku njer\u00ebzit nuk dor\u00ebzohen. Dhe mij\u00ebra prej tyre shkojn\u00eb n\u00eb mitingje paq\u00ebsore, t\u00eb cilat jan\u00eb p\u00ebrtej fuqis\u00eb s\u00eb pushtuesit, dhe gjith\u00e7ka q\u00eb mund t\u00eb b\u00ebjn\u00eb \u00ebsht\u00eb t\u00eb q\u00ebllojn\u00eb mbi civil\u00ebt.<\/p>\n<p>\u00c7ek\u00ebt nuk e kan\u00eb harruar k\u00ebt\u00eb. Si n\u00eb m\u00eb pak se nj\u00eb dit\u00eb, nazist\u00ebt shkat\u00ebrruan Lidice, duke l\u00ebn\u00eb vet\u00ebm hi nga fshati. Ata e pan\u00eb Popasn\u00ebn t\u00eb shkat\u00ebrruar. Prej saj nuk ka mbetur as hi. Grek\u00ebt q\u00eb u mbijetuan masakrave dhe ekzekutimeve n\u00eb t\u00eb gjith\u00eb territorin, bllokad\u00ebs dhe uris\u00eb s\u00eb madhe, nuk kan\u00eb harruar.<\/p>\n<p>K\u00ebt\u00eb e mbajn\u00eb mend amerikan\u00ebt q\u00eb luftuan t\u00eb keqen n\u00eb dy fronte. Kush kaloi Pearl Harbor dhe Dunkirk me aleat\u00ebt. Dhe s\u00eb bashku po kalojm\u00eb beteja t\u00eb reja, jo m\u00eb pak t\u00eb v\u00ebshtira.<\/p>\n<p>Kjo mbahet mend nga t\u00eb gjith\u00eb t\u00eb mbijetuarit e Holokaustit \u2013 se si nj\u00eb komb mund t\u00eb urrej\u00eb nj\u00eb tjet\u00ebr.<\/p>\n<p>Lituanez\u00ebt, leton\u00ebt, estonez\u00ebt, danez\u00ebt, gjeorgjian\u00ebt, armen\u00ebt, belg\u00ebt, norvegjez\u00ebt dhe shum\u00eb t\u00eb tjer\u00eb nuk e kan\u00eb harruar k\u00ebt\u00eb \u2013 t\u00eb gjith\u00eb ata q\u00eb vuajt\u00ebn nga nazizmi n\u00eb tok\u00ebn e tyre dhe t\u00eb gjith\u00eb ata q\u00eb e mund\u00ebn at\u00eb n\u00eb koalicionin anti-Hitler.<\/p>\n<p>Fatkeq\u00ebsisht, ka nga ata q\u00eb, pasi u kan\u00eb mbijetuar t\u00eb gjitha k\u00ebtyre krimeve, duke humbur miliona njer\u00ebz q\u00eb luftuan p\u00ebr fitoren dhe e fituan at\u00eb, kan\u00eb p\u00ebrdhosur kujtimin e tyre dhe b\u00ebmat e tyre sot.<\/p>\n<p>Ai q\u00eb lejoi granatimet e qyteteve t\u00eb Ukrain\u00ebs nga toka e tij. Qytetet q\u00eb s\u00eb bashku me t\u00eb par\u00ebt tan\u00eb u \u00e7liruan nga t\u00eb par\u00ebt e tij.<\/p>\n<p>Ai q\u00eb p\u00ebshtyu n\u00eb fytyr\u00eb \u201cRegjimentit t\u00eb tij t\u00eb Pavdeksh\u00ebm\u201d, duke vendosur pran\u00eb tij torturues nga Bu\u00e7a.<\/p>\n<p>Dhe sfidoi gjith\u00eb njer\u00ebzimin. Por harroi gj\u00ebn\u00eb kryesore: \u00e7do e keqe p\u00ebrfundon gjithmon\u00eb nj\u00ebsoj \u2013 p\u00ebrfundon.<\/p>\n<p>Shok\u00eb ukrainas!<\/p>\n<p>Sot, n\u00eb Dit\u00ebn e Kujtimit dhe t\u00eb Pajtimit, ne b\u00ebjm\u00eb homazhe p\u00ebr t\u00eb gjith\u00eb ata q\u00eb mbrojt\u00ebn atdheun e tyre dhe bot\u00ebn nga nazizmi. Ne v\u00ebrejm\u00eb arritjen e popullit ukrainas dhe kontributin e tij n\u00eb fitoren e koalicionit anti-Hitler.<\/p>\n<p>Shp\u00ebrthime, t\u00eb sht\u00ebna, llogore, plag\u00eb, zi buke, bombardime, bllokada, ekzekutime masive, operacione nd\u00ebshkuese, okupim, kampe p\u00ebrqendrimi, dhoma gazi, yje t\u00eb verdh\u00eb, geto, Babyn Yar, Khatyn, rob\u00ebri, pun\u00eb e detyruar. Ata vdiq\u00ebn n\u00eb m\u00ebnyr\u00eb q\u00eb secili prej nesh ta dij\u00eb se \u00e7far\u00eb kuptimi kan\u00eb k\u00ebto fjal\u00eb nga librat, jo nga p\u00ebrvoja jon\u00eb. Por ndodhi ndryshe. Kjo \u00ebsht\u00eb e padrejt\u00eb p\u00ebr t\u00eb gjith\u00eb ata. Por e v\u00ebrteta do t\u00eb fitoj\u00eb. Dhe ne do t\u00eb kap\u00ebrcejm\u00eb gjith\u00e7ka! Dhe prova p\u00ebr k\u00ebt\u00eb quhet \u201cUjk\u201d. Kjo \u00ebsht\u00eb ish selia dhe bunkeri i Hitlerit pran\u00eb Vinnytsia. Dhe gjith\u00e7ka q\u00eb ka mbetur prej saj jan\u00eb disa gur\u00eb. Rr\u00ebnojat. Rr\u00ebnojat e nj\u00eb personi q\u00eb e konsideronte veten t\u00eb madh dhe t\u00eb pathyesh\u00ebm. Ky \u00ebsht\u00eb nj\u00eb udh\u00ebrr\u00ebfyes p\u00ebr t\u00eb gjith\u00eb ne dhe brezat e ardhsh\u00ebm. P\u00ebr \u00e7far\u00eb luftuan t\u00eb par\u00ebt tan\u00eb. Dhe v\u00ebrtetoi se asnj\u00eb e keqe nuk mund t\u00eb shmang\u00eb p\u00ebrgjegj\u00ebsin\u00eb. Nuk do t\u00eb jet\u00eb n\u00eb gjendje t\u00eb fshihet n\u00eb bunker. Nuk do t\u00eb mbetet asnj\u00eb gur prej tij. K\u00ebshtu q\u00eb ne do t\u00eb kap\u00ebrcejm\u00eb gjith\u00e7ka. Dhe ne e dim\u00eb k\u00ebt\u00eb me siguri, sepse ushtria jon\u00eb dhe i gjith\u00eb populli yn\u00eb jan\u00eb pasardh\u00ebs t\u00eb atyre q\u00eb mposht\u00ebn nazizmin. K\u00ebshtu ata do t\u00eb fitojn\u00eb p\u00ebrs\u00ebri.<\/p>\n<p>Dhe do t\u00eb ket\u00eb p\u00ebrs\u00ebri paqe. M\u00eb n\u00eb fund p\u00ebrs\u00ebri!<\/p>\n<p>Ne do ta kap\u00ebrcejm\u00eb dimrin, i cili filloi m\u00eb 24 shkurt, zgjat m\u00eb 8 maj, por patjet\u00ebr do t\u00eb p\u00ebrfundoj\u00eb, dhe dielli ukrainas do ta shkrij\u00eb at\u00eb! Dhe agimin ton\u00eb do ta takojm\u00eb me gjith\u00eb vendin. Dhe familja dhe t\u00eb dashurit, miqt\u00eb dhe t\u00eb af\u00ebrmit do t\u00eb jen\u00eb p\u00ebrs\u00ebri bashk\u00eb! M\u00eb n\u00eb fund p\u00ebrs\u00ebri! Dhe mbi qytetet dhe fshatrat e pushtuara p\u00ebrkoh\u00ebsisht, flamuri yn\u00eb do t\u00eb valoj\u00eb p\u00ebrs\u00ebri. M\u00eb n\u00eb fund p\u00ebrs\u00ebri! Dhe ne do t\u00eb mblidhemi. Dhe do t\u00eb ket\u00eb paqe! M\u00eb n\u00eb fund p\u00ebrs\u00ebri! Dhe jo m\u00eb \u00ebndrra bardh e zi, vet\u00ebm nj\u00eb \u00ebnd\u00ebrr kalt\u00ebr e verdh\u00eb. M\u00eb n\u00eb fund p\u00ebrs\u00ebri! Paraardh\u00ebsit tan\u00eb luftuan p\u00ebr k\u00ebt\u00eb.<\/p>\n<p>Nderim i p\u00ebrjetsh\u00ebm p\u00ebr t\u00eb gjith\u00eb ata q\u00eb luftuan kund\u00ebr nazizmit!<\/p>\n<p>I p\u00ebrjetsh\u00ebm kujtimi p\u00ebr t\u00eb gjith\u00eb t\u00eb vrar\u00ebt gjat\u00eb Luft\u00ebs s\u00eb Dyt\u00eb Bot\u00ebrore!<\/p>\n","protected":false},"excerpt":{"rendered":"<p>Presidenti Zelenskiy e ka krahasuar pushtimin e Ukrain\u00ebs nga Putini me veprimet e nazist\u00ebve n\u00eb Luft\u00ebn e Dyt\u00eb Bot\u00ebrore , teksa Ukraina sh\u00ebnon 8 majin Dit\u00ebn e Kujtimit dhe Pajtimit. Fjalimi i plote i Presidentit Zelensky A mund t\u00eb jet\u00eb pranvera bardh e zi? A ka shkurt t\u00eb p\u00ebrjetsh\u00ebm? A zhvler\u00ebsohen fjal\u00ebt e arta? Fatkeq\u00ebsisht, [&hellip;]<\/p>\n","protected":false},"author":1,"featured_media":2936,"comment_status":"open","ping_status":"open","sticky":false,"template":"","format":"standard","meta":{"footnotes":""},"categories":[12,1],"tags":[],"class_list":{"0":"post-2921","1":"post","2":"type-post","3":"status-publish","4":"format-standard","5":"has-post-thumbnail","7":"category-bota","8":"category-te-tjera"},"_links":{"self":[{"href":"https:\/\/neutrale.al\/index.php\/wp-json\/wp\/v2\/posts\/2921","targetHints":{"allow":["GET"]}}],"collection":[{"href":"https:\/\/neutrale.al\/index.php\/wp-json\/wp\/v2\/posts"}],"about":[{"href":"https:\/\/neutrale.al\/index.php\/wp-json\/wp\/v2\/types\/post"}],"author":[{"embeddable":true,"href":"https:\/\/neutrale.al\/index.php\/wp-json\/wp\/v2\/users\/1"}],"replies":[{"embeddable":true,"href":"https:\/\/neutrale.al\/index.php\/wp-json\/wp\/v2\/comments?post=2921"}],"version-history":[{"count":1,"href":"https:\/\/neutrale.al\/index.php\/wp-json\/wp\/v2\/posts\/2921\/revisions"}],"predecessor-version":[{"id":2922,"href":"https:\/\/neutrale.al\/index.php\/wp-json\/wp\/v2\/posts\/2921\/revisions\/2922"}],"wp:featuredmedia":[{"embeddable":true,"href":"https:\/\/neutrale.al\/index.php\/wp-json\/wp\/v2\/media\/2936"}],"wp:attachment":[{"href":"https:\/\/neutrale.al\/index.php\/wp-json\/wp\/v2\/media?parent=2921"}],"wp:term":[{"taxonomy":"category","embeddable":true,"href":"https:\/\/neutrale.al\/index.php\/wp-json\/wp\/v2\/categories?post=2921"},{"taxonomy":"post_tag","embeddable":true,"href":"https:\/\/neutrale.al\/index.php\/wp-json\/wp\/v2\/tags?post=2921"}],"curies":[{"name":"wp","href":"https:\/\/api.w.org\/{rel}","templated":true}]}}