{"id":2906,"date":"2022-05-06T21:15:30","date_gmt":"2022-05-06T21:15:30","guid":{"rendered":"https:\/\/neutrale.al\/?p=2906"},"modified":"2022-05-08T18:48:50","modified_gmt":"2022-05-08T18:48:50","slug":"nano-kandidat-per-president-gjiknuri-asnje-nuk-eshte-i-perjashtuar-por","status":"publish","type":"post","link":"https:\/\/neutrale.al\/index.php\/2022\/05\/06\/nano-kandidat-per-president-gjiknuri-asnje-nuk-eshte-i-perjashtuar-por\/","title":{"rendered":"Nano kandidat p\u00ebr President? Gjiknuri: Asnj\u00eb nuk \u00ebsht\u00eb i p\u00ebrjashtuar, por\u2026"},"content":{"rendered":"<p>Teksa t\u00eb gjith\u00eb jan\u00eb n\u00eb pritje t\u00eb zbardhjes s\u00eb emrave t\u00eb kandidat\u00ebve p\u00ebr president t\u00eb ri t\u00eb Republik\u00ebs, Damian Gjiknuri ka komentuar n\u00ebse mund t\u00eb jet\u00eb apo jo nj\u00eb nga propozimet ish-kryeministri Fatos Nano.<\/p>\n<p>N\u00eb nj\u00eb konferenc\u00eb p\u00ebr mediat Gjiknuri u tregua i rezervuar duke mos p\u00ebrmendur asnj\u00eb em\u00ebr, nd\u00ebrsa shtoi se; asnj\u00eb nuk \u00ebsht\u00eb i p\u00ebrjashtuar.<\/p>\n<p>\u201cK\u00ebtu nuk jam t\u00eb komentoj\u00eb emra t\u00eb p\u00ebrve\u00e7\u00ebm T\u00eb gjith\u00eb kan\u00eb shanse sipas asaj q\u00eb ju that\u00eb. e kemi th\u00ebn\u00eb se kufizimet tona; q\u00eb mos t\u00eb jet\u00eb nga grupi parlamentar, por q\u00eb ka kontribute shoq\u00ebrore. Q\u00eb mund t\u00eb jen\u00eb kandidat. Identifikimi i emrave n\u00eb k\u00ebt\u00eb faz\u00eb do ishte gabim dhe do krijonte pritshm\u00ebri t\u00eb rreme. Askush nuk \u00ebsht\u00eb i p\u00ebrjashtuar, p\u00ebrfshi dhe emrat q\u00eb that\u00eb.\u201d, tha ai.<\/p>\n","protected":false},"excerpt":{"rendered":"<p>Teksa t\u00eb gjith\u00eb jan\u00eb n\u00eb pritje t\u00eb zbardhjes s\u00eb emrave t\u00eb kandidat\u00ebve p\u00ebr president t\u00eb ri t\u00eb Republik\u00ebs, Damian Gjiknuri ka komentuar n\u00ebse mund t\u00eb jet\u00eb apo jo nj\u00eb nga propozimet ish-kryeministri Fatos Nano. N\u00eb nj\u00eb konferenc\u00eb p\u00ebr mediat Gjiknuri u tregua i rezervuar duke mos p\u00ebrmendur asnj\u00eb em\u00ebr, nd\u00ebrsa shtoi se; asnj\u00eb nuk \u00ebsht\u00eb [&hellip;]<\/p>\n","protected":false},"author":2,"featured_media":2918,"comment_status":"open","ping_status":"open","sticky":false,"template":"","format":"standard","meta":{"footnotes":""},"categories":[9,1],"tags":[],"class_list":{"0":"post-2906","1":"post","2":"type-post","3":"status-publish","4":"format-standard","5":"has-post-thumbnail","7":"category-politika","8":"category-te-tjera"},"_links":{"self":[{"href":"https:\/\/neutrale.al\/index.php\/wp-json\/wp\/v2\/posts\/2906","targetHints":{"allow":["GET"]}}],"collection":[{"href":"https:\/\/neutrale.al\/index.php\/wp-json\/wp\/v2\/posts"}],"about":[{"href":"https:\/\/neutrale.al\/index.php\/wp-json\/wp\/v2\/types\/post"}],"author":[{"embeddable":true,"href":"https:\/\/neutrale.al\/index.php\/wp-json\/wp\/v2\/users\/2"}],"replies":[{"embeddable":true,"href":"https:\/\/neutrale.al\/index.php\/wp-json\/wp\/v2\/comments?post=2906"}],"version-history":[{"count":5,"href":"https:\/\/neutrale.al\/index.php\/wp-json\/wp\/v2\/posts\/2906\/revisions"}],"predecessor-version":[{"id":2920,"href":"https:\/\/neutrale.al\/index.php\/wp-json\/wp\/v2\/posts\/2906\/revisions\/2920"}],"wp:featuredmedia":[{"embeddable":true,"href":"https:\/\/neutrale.al\/index.php\/wp-json\/wp\/v2\/media\/2918"}],"wp:attachment":[{"href":"https:\/\/neutrale.al\/index.php\/wp-json\/wp\/v2\/media?parent=2906"}],"wp:term":[{"taxonomy":"category","embeddable":true,"href":"https:\/\/neutrale.al\/index.php\/wp-json\/wp\/v2\/categories?post=2906"},{"taxonomy":"post_tag","embeddable":true,"href":"https:\/\/neutrale.al\/index.php\/wp-json\/wp\/v2\/tags?post=2906"}],"curies":[{"name":"wp","href":"https:\/\/api.w.org\/{rel}","templated":true}]}}