{"id":25171,"date":"2022-10-26T07:53:24","date_gmt":"2022-10-26T07:53:24","guid":{"rendered":"https:\/\/neutrale.al\/?p=25171"},"modified":"2022-10-26T07:53:24","modified_gmt":"2022-10-26T07:53:24","slug":"urim-gjata-stokholm-ne-suedi-ka-ambasada-por-jo-guvernator","status":"publish","type":"post","link":"https:\/\/neutrale.al\/index.php\/2022\/10\/26\/urim-gjata-stokholm-ne-suedi-ka-ambasada-por-jo-guvernator\/","title":{"rendered":"Urim Gjata- Stokholm\/N\u00eb Suedi ka ambasada, por jo guvernator"},"content":{"rendered":"<p>\u201cKrimi dhe pasiguria\u201d e qytetar\u00ebve suedez\u00eb, edhe pse ky mbi 70 % vjen nga emigrant\u00ebt, solli mosbesimin qytetar, dhe rr\u00ebzoj nga pushteti socialdemokrat\u00ebt n\u00eb Suedi.<\/p>\n<p>N\u00eb Suedi ka kryeminist\u00ebr, por ai del me bi\u00e7iklet\u00eb a mjetin e tij, dhe udh\u00ebton  jo me avjon privat, por nj\u00ebsoj si qytetar\u00ebt e vet.<\/p>\n<p>N\u00eb Suedi nj\u00eb minist\u00ebr dha dorheqien vet\u00ebm e vet\u00ebm se u kap n\u00eb timon me pak p\u00ebrqindje alkoli nga policia.<\/p>\n<p>N\u00eb Suedi ka djeg\u00ebsa, por t\u00eb priten gishtat po i p\u00ebrzieve me abuzim.<\/p>\n<p>N\u00eb Suedi ka dhe nd\u00ebrtohen hidrocentral\u00eb t\u00eb vegj\u00ebl, por kurr\u00eb nuk c\u00ebnohet a p\u00ebrmbytet k\u00ebrkush \u2026<\/p>\n<p>-Edhe n\u00eb Suedi ka ambasad\u00eb, dhe ambasador amerikan, por nuk ka guvernator\u00eb \u2026<br \/>\n-Edhe aty vin\u00eb p\u00ebrfaqsues t\u00eb DASH, por askush nuk quhet apo guxon dhe flet si Eskobar\u2026<br \/>\n-Ka media p\u00ebrv\u00ebluese, por jo l\u00ebpir\u00ebs, dhe abuzues me informimin e qytetarit .<\/p>\n<p>Edhe n\u00eb Suedi ka pasuri komb\u00ebtare, por ato i p\u00ebrkasin kombit jo Xhorxh Sorosit.<\/p>\n","protected":false},"excerpt":{"rendered":"<p>\u201cKrimi dhe pasiguria\u201d e qytetar\u00ebve suedez\u00eb, edhe pse ky mbi 70 % vjen nga emigrant\u00ebt, solli mosbesimin qytetar, dhe rr\u00ebzoj nga pushteti socialdemokrat\u00ebt n\u00eb Suedi. N\u00eb Suedi ka kryeminist\u00ebr, por ai del me bi\u00e7iklet\u00eb a mjetin e tij, dhe udh\u00ebton jo me avjon privat, por nj\u00ebsoj si qytetar\u00ebt e vet. N\u00eb Suedi nj\u00eb minist\u00ebr dha [&hellip;]<\/p>\n","protected":false},"author":2,"featured_media":25172,"comment_status":"open","ping_status":"open","sticky":false,"template":"","format":"standard","meta":{"footnotes":""},"categories":[2],"tags":[],"class_list":{"0":"post-25171","1":"post","2":"type-post","3":"status-publish","4":"format-standard","5":"has-post-thumbnail","7":"category-opinione"},"_links":{"self":[{"href":"https:\/\/neutrale.al\/index.php\/wp-json\/wp\/v2\/posts\/25171","targetHints":{"allow":["GET"]}}],"collection":[{"href":"https:\/\/neutrale.al\/index.php\/wp-json\/wp\/v2\/posts"}],"about":[{"href":"https:\/\/neutrale.al\/index.php\/wp-json\/wp\/v2\/types\/post"}],"author":[{"embeddable":true,"href":"https:\/\/neutrale.al\/index.php\/wp-json\/wp\/v2\/users\/2"}],"replies":[{"embeddable":true,"href":"https:\/\/neutrale.al\/index.php\/wp-json\/wp\/v2\/comments?post=25171"}],"version-history":[{"count":1,"href":"https:\/\/neutrale.al\/index.php\/wp-json\/wp\/v2\/posts\/25171\/revisions"}],"predecessor-version":[{"id":25173,"href":"https:\/\/neutrale.al\/index.php\/wp-json\/wp\/v2\/posts\/25171\/revisions\/25173"}],"wp:featuredmedia":[{"embeddable":true,"href":"https:\/\/neutrale.al\/index.php\/wp-json\/wp\/v2\/media\/25172"}],"wp:attachment":[{"href":"https:\/\/neutrale.al\/index.php\/wp-json\/wp\/v2\/media?parent=25171"}],"wp:term":[{"taxonomy":"category","embeddable":true,"href":"https:\/\/neutrale.al\/index.php\/wp-json\/wp\/v2\/categories?post=25171"},{"taxonomy":"post_tag","embeddable":true,"href":"https:\/\/neutrale.al\/index.php\/wp-json\/wp\/v2\/tags?post=25171"}],"curies":[{"name":"wp","href":"https:\/\/api.w.org\/{rel}","templated":true}]}}