{"id":25120,"date":"2022-10-25T19:14:38","date_gmt":"2022-10-25T19:14:38","guid":{"rendered":"https:\/\/neutrale.al\/?p=25120"},"modified":"2022-10-25T19:14:38","modified_gmt":"2022-10-25T19:14:38","slug":"ka-nderruar-jete-ish-sekretari-amerikan-i-mbrojtjes-ashton-carter","status":"publish","type":"post","link":"https:\/\/neutrale.al\/index.php\/2022\/10\/25\/ka-nderruar-jete-ish-sekretari-amerikan-i-mbrojtjes-ashton-carter\/","title":{"rendered":"Ka nd\u00ebrruar jet\u00eb ish-sekretari amerikan i Mbrojtjes, Ashton Carter"},"content":{"rendered":"<p>Simbas:Trym Mogen<\/p>\n<p>Ash Carter, i cili sh\u00ebrbeu si Sekretar i Mbrojtjes p\u00ebr Barack Obam\u00ebn p\u00ebr dy vitet e fundit t\u00eb presidenc\u00ebs s\u00eb tij, ka vdekur.<\/p>\n<p>Ai vdiq papritur t\u00eb h\u00ebn\u00ebn n\u00eb mbr\u00ebmje pas problemeve me zemr\u00ebn, n\u00eb mosh\u00ebn 68-vje\u00e7are, tha familja e tij n\u00eb nj\u00eb deklarat\u00eb.<\/p>\n<p>Ai mbahet mend n\u00eb SHBA p\u00ebr drejtimin e ofensiv\u00ebs s\u00eb madhe kund\u00ebr IS n\u00eb Irak dhe Siri. Pasi sh\u00ebrbeu si minist\u00ebr i Mbrojtjes, ai ka mbajtur disa poste n\u00eb akademi.<\/p>\n<p>N\u00eb vitin 2019, IS u mund kryesisht nga forcat tok\u00ebsore n\u00eb Irak dhe Siri, t\u00eb cilat u mb\u00ebshtet\u00ebn, nd\u00ebr t\u00eb tjera, nga Shtetet e Bashkuara.<\/p>\n<p>N\u00eb dhjetor 2015, Carter urdh\u00ebroi ushtrin\u00eb amerikane t\u00eb pranonte grat\u00eb n\u00eb t\u00eb gjitha pozicionet, q\u00eb do t\u00eb thot\u00eb se grave nuk mund t&#8217;u mohohej m\u00eb lufta.<\/p>\n<p>Nj\u00eb vit m\u00eb pas, Carter hoqi ndalimin e personave transgjinor\u00eb q\u00eb sh\u00ebrbenin n\u00eb ushtrin\u00eb amerikane.<\/p>\n<p>Pas largimit nga politika, Carter drejtoi Qendr\u00ebn Belfer p\u00ebr Shkenc\u00ebn dhe \u00c7\u00ebshtjet Nd\u00ebrkomb\u00ebtare n\u00eb Shkoll\u00ebn Kennedy t\u00eb Harvardit.<\/p>\n<p>Data e lindjes:\u00a024 shtator 1954<\/p>\n<p>Vendi i lindjes:\u00a0Filadelfia, Pennsylvania, Shtetet e Bashkuara t\u00eb Amerik\u00ebs<\/p>\n<p>Vdiq:\u00a024 tetor 2022,\u00a0Boston, Massachusetts, Shtetet e Bashkuara t\u00eb Amerik\u00ebs<\/p>\n<p>Arsimi:\u00a0Universiteti i Oksfordit\u00a0(1979),\u00a0Yale University\u00a0(1976),\u00a0Universiteti i Edinburgut\u00a0(1975)<\/p>\n<p>Partia politike:\u00a0Democratic Party<\/p>\n","protected":false},"excerpt":{"rendered":"<p>Simbas:Trym Mogen Ash Carter, i cili sh\u00ebrbeu si Sekretar i Mbrojtjes p\u00ebr Barack Obam\u00ebn p\u00ebr dy vitet e fundit t\u00eb presidenc\u00ebs s\u00eb tij, ka vdekur. Ai vdiq papritur t\u00eb h\u00ebn\u00ebn n\u00eb mbr\u00ebmje pas problemeve me zemr\u00ebn, n\u00eb mosh\u00ebn 68-vje\u00e7are, tha familja e tij n\u00eb nj\u00eb deklarat\u00eb. Ai mbahet mend n\u00eb SHBA p\u00ebr drejtimin e ofensiv\u00ebs [&hellip;]<\/p>\n","protected":false},"author":2,"featured_media":25121,"comment_status":"open","ping_status":"open","sticky":false,"template":"","format":"standard","meta":{"footnotes":""},"categories":[118],"tags":[],"class_list":{"0":"post-25120","1":"post","2":"type-post","3":"status-publish","4":"format-standard","5":"has-post-thumbnail","7":"category-kryesore"},"_links":{"self":[{"href":"https:\/\/neutrale.al\/index.php\/wp-json\/wp\/v2\/posts\/25120","targetHints":{"allow":["GET"]}}],"collection":[{"href":"https:\/\/neutrale.al\/index.php\/wp-json\/wp\/v2\/posts"}],"about":[{"href":"https:\/\/neutrale.al\/index.php\/wp-json\/wp\/v2\/types\/post"}],"author":[{"embeddable":true,"href":"https:\/\/neutrale.al\/index.php\/wp-json\/wp\/v2\/users\/2"}],"replies":[{"embeddable":true,"href":"https:\/\/neutrale.al\/index.php\/wp-json\/wp\/v2\/comments?post=25120"}],"version-history":[{"count":1,"href":"https:\/\/neutrale.al\/index.php\/wp-json\/wp\/v2\/posts\/25120\/revisions"}],"predecessor-version":[{"id":25122,"href":"https:\/\/neutrale.al\/index.php\/wp-json\/wp\/v2\/posts\/25120\/revisions\/25122"}],"wp:featuredmedia":[{"embeddable":true,"href":"https:\/\/neutrale.al\/index.php\/wp-json\/wp\/v2\/media\/25121"}],"wp:attachment":[{"href":"https:\/\/neutrale.al\/index.php\/wp-json\/wp\/v2\/media?parent=25120"}],"wp:term":[{"taxonomy":"category","embeddable":true,"href":"https:\/\/neutrale.al\/index.php\/wp-json\/wp\/v2\/categories?post=25120"},{"taxonomy":"post_tag","embeddable":true,"href":"https:\/\/neutrale.al\/index.php\/wp-json\/wp\/v2\/tags?post=25120"}],"curies":[{"name":"wp","href":"https:\/\/api.w.org\/{rel}","templated":true}]}}