{"id":25015,"date":"2022-10-24T16:59:50","date_gmt":"2022-10-24T16:59:50","guid":{"rendered":"https:\/\/neutrale.al\/?p=25015"},"modified":"2022-10-24T16:59:50","modified_gmt":"2022-10-24T16:59:50","slug":"shkolle-e-re-ne-dritas-veliaj-nje-tjeter-fole-dijeje","status":"publish","type":"post","link":"https:\/\/neutrale.al\/index.php\/2022\/10\/24\/shkolle-e-re-ne-dritas-veliaj-nje-tjeter-fole-dijeje\/","title":{"rendered":"Shkoll\u00eb e re n\u00eb Dritas\/Veliaj: Nj\u00eb tjet\u00ebr fole dijeje"},"content":{"rendered":"<p>N\u00eb fshatin Dritas t\u00eb nj\u00ebsis\u00eb administrative Zall-Herr \u00ebsht\u00eb nd\u00ebrtuar shkolla e re 9-vje\u00e7are.<\/p>\n<p>Kryebashkiaku Erion Veliaj e ka vizituar sot dhe ka p\u00ebrcjell\u00eb n\u00eb rrjetet sociale nj\u00eb seri fotografish dhe mesazhin e m\u00ebposht\u00ebm:<\/p>\n<p>Shkolla e re 9-vje\u00e7are &#8220;Dritas&#8221; \ud83c\udfeb\ud83d\udc4c<\/p>\n<p>Nj\u00eb tjet\u00ebr fole dijeje p\u00ebr f\u00ebmij\u00ebt e Zall-Herrit\ud83c\udfeb.<\/p>\n<p>Shum\u00eb i lumtur q\u00eb nx\u00ebn\u00ebsit\ud83d\udcda e zon\u00ebs do t\u00eb m\u00ebsojn\u00eb n\u00eb kushte super komode, nj\u00ebsoj sikurse shok\u00ebt e shoqet e tyre n\u00eb qend\u00ebr t\u00eb Tiran\u00ebs\u2764\ufe0f.<\/p>\n<p>Ta g\u00ebzoni\ud83d\ude4f!<\/p>\n<p><img loading=\"lazy\" loading=\"lazy\" decoding=\"async\" src=\"https:\/\/neutrale.al\/wp-content\/uploads\/2022\/10\/CF552A41-4468-4631-90B5-65C35C43EF30-300x231.jpeg\" alt=\"\" width=\"300\" height=\"231\" class=\"alignnone size-medium wp-image-25016\" srcset=\"https:\/\/neutrale.al\/wp-content\/uploads\/2022\/10\/CF552A41-4468-4631-90B5-65C35C43EF30-300x231.jpeg 300w, https:\/\/neutrale.al\/wp-content\/uploads\/2022\/10\/CF552A41-4468-4631-90B5-65C35C43EF30-1024x790.jpeg 1024w, https:\/\/neutrale.al\/wp-content\/uploads\/2022\/10\/CF552A41-4468-4631-90B5-65C35C43EF30-768x592.jpeg 768w, https:\/\/neutrale.al\/wp-content\/uploads\/2022\/10\/CF552A41-4468-4631-90B5-65C35C43EF30-860x663.jpeg 860w, https:\/\/neutrale.al\/wp-content\/uploads\/2022\/10\/CF552A41-4468-4631-90B5-65C35C43EF30.jpeg 1080w\" sizes=\"auto, (max-width: 300px) 100vw, 300px\" \/><\/p>\n","protected":false},"excerpt":{"rendered":"<p>N\u00eb fshatin Dritas t\u00eb nj\u00ebsis\u00eb administrative Zall-Herr \u00ebsht\u00eb nd\u00ebrtuar shkolla e re 9-vje\u00e7are. Kryebashkiaku Erion Veliaj e ka vizituar sot dhe ka p\u00ebrcjell\u00eb n\u00eb rrjetet sociale nj\u00eb seri fotografish dhe mesazhin e m\u00ebposht\u00ebm: Shkolla e re 9-vje\u00e7are &#8220;Dritas&#8221; \ud83c\udfeb\ud83d\udc4c Nj\u00eb tjet\u00ebr fole dijeje p\u00ebr f\u00ebmij\u00ebt e Zall-Herrit\ud83c\udfeb. Shum\u00eb i lumtur q\u00eb nx\u00ebn\u00ebsit\ud83d\udcda e zon\u00ebs do [&hellip;]<\/p>\n","protected":false},"author":2,"featured_media":25017,"comment_status":"open","ping_status":"open","sticky":false,"template":"","format":"standard","meta":{"footnotes":""},"categories":[1],"tags":[27],"class_list":{"0":"post-25015","1":"post","2":"type-post","3":"status-publish","4":"format-standard","5":"has-post-thumbnail","7":"category-te-tjera","8":"tag-lajme"},"_links":{"self":[{"href":"https:\/\/neutrale.al\/index.php\/wp-json\/wp\/v2\/posts\/25015","targetHints":{"allow":["GET"]}}],"collection":[{"href":"https:\/\/neutrale.al\/index.php\/wp-json\/wp\/v2\/posts"}],"about":[{"href":"https:\/\/neutrale.al\/index.php\/wp-json\/wp\/v2\/types\/post"}],"author":[{"embeddable":true,"href":"https:\/\/neutrale.al\/index.php\/wp-json\/wp\/v2\/users\/2"}],"replies":[{"embeddable":true,"href":"https:\/\/neutrale.al\/index.php\/wp-json\/wp\/v2\/comments?post=25015"}],"version-history":[{"count":1,"href":"https:\/\/neutrale.al\/index.php\/wp-json\/wp\/v2\/posts\/25015\/revisions"}],"predecessor-version":[{"id":25018,"href":"https:\/\/neutrale.al\/index.php\/wp-json\/wp\/v2\/posts\/25015\/revisions\/25018"}],"wp:featuredmedia":[{"embeddable":true,"href":"https:\/\/neutrale.al\/index.php\/wp-json\/wp\/v2\/media\/25017"}],"wp:attachment":[{"href":"https:\/\/neutrale.al\/index.php\/wp-json\/wp\/v2\/media?parent=25015"}],"wp:term":[{"taxonomy":"category","embeddable":true,"href":"https:\/\/neutrale.al\/index.php\/wp-json\/wp\/v2\/categories?post=25015"},{"taxonomy":"post_tag","embeddable":true,"href":"https:\/\/neutrale.al\/index.php\/wp-json\/wp\/v2\/tags?post=25015"}],"curies":[{"name":"wp","href":"https:\/\/api.w.org\/{rel}","templated":true}]}}