{"id":24955,"date":"2022-10-24T14:07:49","date_gmt":"2022-10-24T14:07:49","guid":{"rendered":"https:\/\/neutrale.al\/?p=24955"},"modified":"2022-10-24T14:07:49","modified_gmt":"2022-10-24T14:07:49","slug":"zgjedhjet-vendore-me-dt-14-maj-2023-presidenti-nxjerr-dekretin","status":"publish","type":"post","link":"https:\/\/neutrale.al\/index.php\/2022\/10\/24\/zgjedhjet-vendore-me-dt-14-maj-2023-presidenti-nxjerr-dekretin\/","title":{"rendered":"Zgjedhjet vendore m\u00eb dt 14 maj 2023\/Presidenti nxjerr dekretin"},"content":{"rendered":"<p>Njoftimi i plot\u00eb i Presidentit t\u00eb Republik\u00ebs Bajram Begaj:<\/p>\n<p>Sot caktova 14 majin 2023 si dat\u00ebn e zhvillimit t\u00eb zgjedhjeve t\u00eb ardhshme vendore. <\/p>\n<p>E vler\u00ebsoj periudh\u00ebn deri n\u00eb zgjedhje si shum\u00eb t\u00eb r\u00ebnd\u00ebsishme p\u00ebr p\u00ebrmbylljen me sukses t\u00eb k\u00ebsaj sfide demokracie p\u00ebr institucionet, partit\u00eb politike dhe gjith\u00eb shoq\u00ebrin\u00eb shqiptare dhe theksoj se \u00ebsht\u00eb koha p\u00ebr t\u00eb demonstruar p\u00ebrkushtim dhe bashk\u00ebpunim institucional, pjekuri politike dhe p\u00ebrgjegjshm\u00ebri qytetare.<\/p>\n<p>Nxis t\u00eb gjitha pal\u00ebt q\u00eb t\u00eb shkojn\u00eb drejt k\u00ebsaj date me p\u00ebrul\u00ebsi dhe respekt ndaj qytetar\u00ebve dhe kund\u00ebrshtar\u00ebve politik\u00eb.<\/p>\n<p>Ftoj votuesit t\u00eb mos anashkalojn\u00eb detyr\u00ebn qytetare t\u00eb mir\u00eb-informimit mbi alternativat politike dhe ushtrimit t\u00eb t\u00eb drejt\u00ebs s\u00eb vot\u00ebs, t\u00eb pandikuar nga interesa, q\u00eb c\u00ebnojn\u00eb vot\u00ebn dhe vullnetin e lir\u00eb.  <\/p>\n<p>Komisioni i Reform\u00ebs Zgjedhore ka detyrimin t\u00eb p\u00ebrshpejtoj\u00eb pun\u00ebn dhe t\u00eb adresoj\u00eb n\u00eb koh\u00eb t\u00eb gjitha \u00e7\u00ebshtjet e dala nga rekomandimet e raportit t\u00eb OSBE\/ODIHR-it.<\/p>\n<p>Vler\u00ebsoj nevoj\u00ebn e vendosjes s\u00eb normalitetit politik n\u00eb pushtetin vendor dhe u b\u00ebj thirrje partive politike q\u00eb t\u00eb shkojn\u00eb n\u00eb k\u00ebto zgjedhje me alternativa politike serioze e konkurruese, q\u00eb kan\u00eb n\u00eb qend\u00ebr t\u00eb v\u00ebmendjes qytetarin dhe standardet m\u00eb t\u00eb mira demokratike.<\/p>\n","protected":false},"excerpt":{"rendered":"<p>Njoftimi i plot\u00eb i Presidentit t\u00eb Republik\u00ebs Bajram Begaj: Sot caktova 14 majin 2023 si dat\u00ebn e zhvillimit t\u00eb zgjedhjeve t\u00eb ardhshme vendore. E vler\u00ebsoj periudh\u00ebn deri n\u00eb zgjedhje si shum\u00eb t\u00eb r\u00ebnd\u00ebsishme p\u00ebr p\u00ebrmbylljen me sukses t\u00eb k\u00ebsaj sfide demokracie p\u00ebr institucionet, partit\u00eb politike dhe gjith\u00eb shoq\u00ebrin\u00eb shqiptare dhe theksoj se \u00ebsht\u00eb koha p\u00ebr [&hellip;]<\/p>\n","protected":false},"author":2,"featured_media":24956,"comment_status":"open","ping_status":"open","sticky":false,"template":"","format":"standard","meta":{"footnotes":""},"categories":[118,9],"tags":[27],"class_list":{"0":"post-24955","1":"post","2":"type-post","3":"status-publish","4":"format-standard","5":"has-post-thumbnail","7":"category-kryesore","8":"category-politika","9":"tag-lajme"},"_links":{"self":[{"href":"https:\/\/neutrale.al\/index.php\/wp-json\/wp\/v2\/posts\/24955","targetHints":{"allow":["GET"]}}],"collection":[{"href":"https:\/\/neutrale.al\/index.php\/wp-json\/wp\/v2\/posts"}],"about":[{"href":"https:\/\/neutrale.al\/index.php\/wp-json\/wp\/v2\/types\/post"}],"author":[{"embeddable":true,"href":"https:\/\/neutrale.al\/index.php\/wp-json\/wp\/v2\/users\/2"}],"replies":[{"embeddable":true,"href":"https:\/\/neutrale.al\/index.php\/wp-json\/wp\/v2\/comments?post=24955"}],"version-history":[{"count":1,"href":"https:\/\/neutrale.al\/index.php\/wp-json\/wp\/v2\/posts\/24955\/revisions"}],"predecessor-version":[{"id":24957,"href":"https:\/\/neutrale.al\/index.php\/wp-json\/wp\/v2\/posts\/24955\/revisions\/24957"}],"wp:featuredmedia":[{"embeddable":true,"href":"https:\/\/neutrale.al\/index.php\/wp-json\/wp\/v2\/media\/24956"}],"wp:attachment":[{"href":"https:\/\/neutrale.al\/index.php\/wp-json\/wp\/v2\/media?parent=24955"}],"wp:term":[{"taxonomy":"category","embeddable":true,"href":"https:\/\/neutrale.al\/index.php\/wp-json\/wp\/v2\/categories?post=24955"},{"taxonomy":"post_tag","embeddable":true,"href":"https:\/\/neutrale.al\/index.php\/wp-json\/wp\/v2\/tags?post=24955"}],"curies":[{"name":"wp","href":"https:\/\/api.w.org\/{rel}","templated":true}]}}