{"id":24940,"date":"2022-10-24T11:34:30","date_gmt":"2022-10-24T11:34:30","guid":{"rendered":"https:\/\/neutrale.al\/?p=24940"},"modified":"2022-10-24T11:34:30","modified_gmt":"2022-10-24T11:34:30","slug":"berisha-mbeshtesim-protesten-e-pedagogeve-ftoj-te-rinjte-te-ngrihen","status":"publish","type":"post","link":"https:\/\/neutrale.al\/index.php\/2022\/10\/24\/berisha-mbeshtesim-protesten-e-pedagogeve-ftoj-te-rinjte-te-ngrihen\/","title":{"rendered":"Berisha: Mb\u00ebshtesim protest\u00ebn e pedagog\u00ebve, ftoj t\u00eb rinjt\u00eb t\u00eb ngrihen"},"content":{"rendered":"<p>Kryetari i PD, Sali Berisha tha s\u00ebrish se, Partia Demokratike mb\u00ebshtet l\u00ebvizjen sindikaliste t\u00eb pedagog\u00ebve.\u00a0Ai u b\u00ebri thirrje t\u00eb rinjve q\u00eb t\u00eb ngrihen n\u00eb protesta kund\u00ebr regjimit monist t\u00eb Edi Ram\u00ebs.<\/p>\n<p>\u201cUn\u00eb jam sot k\u00ebtu p\u00ebr t\u00eb shprehur dhe rikonfirmuar mb\u00ebshtetjen e plot\u00eb t\u00eb l\u00ebvizjes sindikaliste universitare.<\/p>\n<p>Sot, pedagog\u00ebt dhe student\u00ebt protestojn\u00eb dhe kan\u00eb bojkotuar m\u00ebsimin.<\/p>\n<p>Me k\u00ebt\u00eb rast, i garantoj se PD mb\u00ebshtet t\u00eb gjitha k\u00ebrkesat e tyre dhe merr p\u00ebrsip\u00ebr absolutisht adresimin me p\u00ebrpar\u00ebsi t\u00eb plot\u00eb t\u00eb \u00e7do k\u00ebrkese q\u00eb kan\u00eb paraqitur deri sot, madje edhe p\u00ebrmir\u00ebsime t\u00eb tjera.<\/p>\n<p>Nuk mund t\u00eb ket\u00eb asnj\u00eb dyshim se rrogat e pedagog\u00ebve nuk mund t\u00eb jen\u00eb asnj\u00ebher\u00eb m\u00eb t\u00eb ul\u00ebta se ato t\u00eb Prishtin\u00ebs.<\/p>\n<p>Se buxheti shkencor do t\u00eb shum\u00ebfishohet dhe se \u00e7do student do marr\u00eb t\u00eb pakt\u00ebn 100 euro subvencion n\u00eb kushtet e shtrenjtimit t\u00eb jetes\u00ebs.<\/p>\n<p>Se liria akademike, se komisar\u00ebt, kancelar\u00ebt fam\u00ebzinj dhe an\u00ebtar\u00ebt militant\u00eb t\u00eb bordeve, do largohen nga universitetet.<\/p>\n<p>Ftoj edhe nj\u00ebher\u00eb t\u00eb rinjt\u00eb t\u00eb ngrihen n\u00eb lart\u00ebsin\u00eb e idealeve, shpirtit, dhe guximit t\u00eb tyre dhe t\u00eb vazhdojn\u00eb protestat dhe t\u2019i japin p\u00ebrgjigjen e merituar regjimit monist t\u00eb Edi Ram\u00ebs\u201d,\u00a0tha Berisha.<\/p>\n","protected":false},"excerpt":{"rendered":"<p>Kryetari i PD, Sali Berisha tha s\u00ebrish se, Partia Demokratike mb\u00ebshtet l\u00ebvizjen sindikaliste t\u00eb pedagog\u00ebve.\u00a0Ai u b\u00ebri thirrje t\u00eb rinjve q\u00eb t\u00eb ngrihen n\u00eb protesta kund\u00ebr regjimit monist t\u00eb Edi Ram\u00ebs. \u201cUn\u00eb jam sot k\u00ebtu p\u00ebr t\u00eb shprehur dhe rikonfirmuar mb\u00ebshtetjen e plot\u00eb t\u00eb l\u00ebvizjes sindikaliste universitare. Sot, pedagog\u00ebt dhe student\u00ebt protestojn\u00eb dhe kan\u00eb bojkotuar [&hellip;]<\/p>\n","protected":false},"author":2,"featured_media":24941,"comment_status":"open","ping_status":"open","sticky":false,"template":"","format":"standard","meta":{"footnotes":""},"categories":[118,9],"tags":[],"class_list":{"0":"post-24940","1":"post","2":"type-post","3":"status-publish","4":"format-standard","5":"has-post-thumbnail","7":"category-kryesore","8":"category-politika"},"_links":{"self":[{"href":"https:\/\/neutrale.al\/index.php\/wp-json\/wp\/v2\/posts\/24940","targetHints":{"allow":["GET"]}}],"collection":[{"href":"https:\/\/neutrale.al\/index.php\/wp-json\/wp\/v2\/posts"}],"about":[{"href":"https:\/\/neutrale.al\/index.php\/wp-json\/wp\/v2\/types\/post"}],"author":[{"embeddable":true,"href":"https:\/\/neutrale.al\/index.php\/wp-json\/wp\/v2\/users\/2"}],"replies":[{"embeddable":true,"href":"https:\/\/neutrale.al\/index.php\/wp-json\/wp\/v2\/comments?post=24940"}],"version-history":[{"count":1,"href":"https:\/\/neutrale.al\/index.php\/wp-json\/wp\/v2\/posts\/24940\/revisions"}],"predecessor-version":[{"id":24942,"href":"https:\/\/neutrale.al\/index.php\/wp-json\/wp\/v2\/posts\/24940\/revisions\/24942"}],"wp:featuredmedia":[{"embeddable":true,"href":"https:\/\/neutrale.al\/index.php\/wp-json\/wp\/v2\/media\/24941"}],"wp:attachment":[{"href":"https:\/\/neutrale.al\/index.php\/wp-json\/wp\/v2\/media?parent=24940"}],"wp:term":[{"taxonomy":"category","embeddable":true,"href":"https:\/\/neutrale.al\/index.php\/wp-json\/wp\/v2\/categories?post=24940"},{"taxonomy":"post_tag","embeddable":true,"href":"https:\/\/neutrale.al\/index.php\/wp-json\/wp\/v2\/tags?post=24940"}],"curies":[{"name":"wp","href":"https:\/\/api.w.org\/{rel}","templated":true}]}}